{"id":8652,"date":"2025-02-25T09:17:38","date_gmt":"2025-02-25T08:17:38","guid":{"rendered":"https:\/\/www.hlwkrieglach.at\/hlwneu\/?p=8652"},"modified":"2025-02-25T09:17:40","modified_gmt":"2025-02-25T08:17:40","slug":"filmvorfuehrung-mit-regisseur-alfred-ninaus-im-vaz-krieglach","status":"publish","type":"post","link":"https:\/\/www.hlwkrieglach.at\/hlwneu\/filmvorfuehrung-mit-regisseur-alfred-ninaus-im-vaz-krieglach\/","title":{"rendered":"Filmvorf\u00fchrung mit Regisseur Alfred Ninaus im VAZ Krieglach"},"content":{"rendered":"\n<p>Von der Idee bis zur Leinwand: Regisseur Alfred Ninaus zu Gast in Krieglach \u2013 ein spannender Austausch mit Sch\u00fcler:innen \u00fcber Filmkunst, historische Inszenierung und Peter Roseggers Erbe.<\/p>\n\n\n\n<p>Bei einer besonderen Filmvorf\u00fchrung am Montag, dem 24. Februar 2025, hatten die Sch\u00fcler:innen der <strong>Mittelschule Krieglach<\/strong> und der <strong>HLW Krieglach<\/strong> die Gelegenheit, den renommierten Regisseur und Filmemacher <strong>Alfred Ninaus<\/strong> pers\u00f6nlich kennenzulernen. Im Mittelpunkt stand die Vorf\u00fchrung seines Films <strong>\u201ePeter Rosegger \u2013 der Poet, der aus dem Walde kam\u201c,<\/strong> der das Leben und Wirken des ber\u00fchmten steirischen Dichters auf eindrucksvolle Weise beleuchtet.<strong>&nbsp;<\/strong>Denn Peter Rosegger pr\u00e4gt die Kultur, den Tourismus und das Selbstverst\u00e4ndnis der Region bis heute.<strong><\/strong><\/p>\n\n\n\n<p>Die Sch\u00fcler:innen verfolgten die filmische Darstellung mit gro\u00dfem Interesse und nutzten anschlie\u00dfend die Gelegenheit, dem Regisseur Fragen zu stellen. Dabei standen sowohl filmtechnische Aspekte als auch die Herausforderungen bei der Umsetzung einer historischen Pers\u00f6nlichkeit im Mittelpunkt. Alfred Ninaus beantwortete die Fragen ausf\u00fchrlich und gab den jungen Zuschauer:innen spannende Einblicke in seine Arbeit und die Bedeutung Peter Roseggers f\u00fcr die Steiermark.<\/p>\n\n\n\n<p>Direktor <strong>Jochen T\u00e4ubl<\/strong> betonte in diesem Zusammenhang: <em>\u201eIch m\u00f6chte euch ein Update zu Peter Rosegger geben, damit ihr nicht vergesst, wie wichtig er f\u00fcr unser Krieglach ist. Sein Wirken pr\u00e4gt unsere Region bis heute, und es ist unsere Aufgabe, sein Erbe lebendig zu halten.\u201c<\/em><\/p>\n\n\n\n<p>Besonders erfreulich war auch die Anwesenheit von <strong>Irene Pfleger<\/strong>, Obfrau des Roseggerbundes, sowie ihres Vorg\u00e4ngers, dem ehemaligen Direktor der Mittelschule Krieglach, <strong>Johann Reischl<\/strong>. Ihre Teilnahme unterstrich die enge Verbindung Krieglachs mit dem Erbe Peter Roseggers und bereicherte die Veranstaltung zus\u00e4tzlich.<\/p>\n\n\n\n<p>Die Filmvorf\u00fchrung war f\u00fcr alle Beteiligten eine wertvolle Erfahrung, die nicht nur das historische Wissen vertiefte, sondern auch das Interesse an Filmkunst und regionaler Literaturgeschichte weckte.<\/p>\n\n\n\n<p><strong>Bildinfo: <\/strong>Johann Reischl und Irene Pfleger vom Roseggerbund, Regisseur Alfred Ninaus und Direktor Jochen T\u00e4ubl von der HLW Krieglach<\/p>\n","protected":false},"excerpt":{"rendered":"<p>Von der Idee bis zur Leinwand: Regisseur Alfred Ninaus zu Gast in Krieglach \u2013 ein spannender Austausch mit Sch\u00fcler:innen \u00fcber Filmkunst, historische Inszenierung und Peter Roseggers Erbe. Bei einer besonderen Filmvorf\u00fchrung am Montag, dem 24. Februar 2025, hatten die Sch\u00fcler:innen der Mittelschule Krieglach und der HLW Krieglach die Gelegenheit, den renommierten Regisseur und Filmemacher Alfred [&hellip;]<\/p>\n","protected":false},"author":1,"featured_media":8651,"comment_status":"closed","ping_status":"closed","sticky":false,"template":"","format":"standard","meta":{"footnotes":""},"categories":[1],"tags":[],"class_list":["post-8652","post","type-post","status-publish","format-standard","has-post-thumbnail","hentry","category-allgemein"],"_links":{"self":[{"href":"https:\/\/www.hlwkrieglach.at\/hlwneu\/wp-json\/wp\/v2\/posts\/8652","targetHints":{"allow":["GET"]}}],"collection":[{"href":"https:\/\/www.hlwkrieglach.at\/hlwneu\/wp-json\/wp\/v2\/posts"}],"about":[{"href":"https:\/\/www.hlwkrieglach.at\/hlwneu\/wp-json\/wp\/v2\/types\/post"}],"author":[{"embeddable":true,"href":"https:\/\/www.hlwkrieglach.at\/hlwneu\/wp-json\/wp\/v2\/users\/1"}],"replies":[{"embeddable":true,"href":"https:\/\/www.hlwkrieglach.at\/hlwneu\/wp-json\/wp\/v2\/comments?post=8652"}],"version-history":[{"count":1,"href":"https:\/\/www.hlwkrieglach.at\/hlwneu\/wp-json\/wp\/v2\/posts\/8652\/revisions"}],"predecessor-version":[{"id":8653,"href":"https:\/\/www.hlwkrieglach.at\/hlwneu\/wp-json\/wp\/v2\/posts\/8652\/revisions\/8653"}],"wp:featuredmedia":[{"embeddable":true,"href":"https:\/\/www.hlwkrieglach.at\/hlwneu\/wp-json\/wp\/v2\/media\/8651"}],"wp:attachment":[{"href":"https:\/\/www.hlwkrieglach.at\/hlwneu\/wp-json\/wp\/v2\/media?parent=8652"}],"wp:term":[{"taxonomy":"category","embeddable":true,"href":"https:\/\/www.hlwkrieglach.at\/hlwneu\/wp-json\/wp\/v2\/categories?post=8652"},{"taxonomy":"post_tag","embeddable":true,"href":"https:\/\/www.hlwkrieglach.at\/hlwneu\/wp-json\/wp\/v2\/tags?post=8652"}],"curies":[{"name":"wp","href":"https:\/\/api.w.org\/{rel}","templated":true}]}}