{"id":8691,"date":"2025-03-23T09:59:06","date_gmt":"2025-03-23T08:59:06","guid":{"rendered":"https:\/\/www.hlwkrieglach.at\/hlwneu\/?p=8691"},"modified":"2025-03-23T09:59:09","modified_gmt":"2025-03-23T08:59:09","slug":"sprachwoche-der-2hl-auf-malta","status":"publish","type":"post","link":"https:\/\/www.hlwkrieglach.at\/hlwneu\/sprachwoche-der-2hl-auf-malta\/","title":{"rendered":"Sprachwoche der 2HL auf Malta"},"content":{"rendered":"\n<p>Sehns\u00fcchtig von allen erwartet, fand im M\u00e4rz d. J. f\u00fcr 14 Sch\u00fcler:innen der HLW die Sprachwoche auf Malta statt.<\/p>\n\n\n\n<p>Wurden wir in Valletta anfangs auch von leichtem Regen begr\u00fc\u00dft, begleitete uns in der n\u00e4chsten Zeit nur Sonnenschein mit Temperaturen bis 22 Grad.<\/p>\n\n\n\n<p>Nach der Ankunft in San Giljan und Unterbringung der Sch\u00fcler:innen in Gastfamilien, galt es viele Erfahrungen zu machen: sich an die \u201eneue Familie\u201c und das Essen zu gew\u00f6hnen, den Linksverkehr auf der Stra\u00dfe zu bestaunen, die eigenen Englischkenntnisse ins Praktische umzusetzen und die Insel gemeinsam zu erkunden.<\/p>\n\n\n\n<p>Vormittags besuchten alle Teilnehmer:innen den Englischunterricht in der Sprachschule ESE. Der Lehrer David unterrichtete mit Humor, guter Struktur und akribischen Aufzeichnungen, um am Ende ein professionelles Feedback \u00fcber die Fortschritte in der Fremdsprache zu geben.<\/p>\n\n\n\n<p>Nachmittags galt es bei gemeinsamen Ausfl\u00fcgen die Insel, deren Geschichte und Kultur kennenzulernen. So gab es Ausfl\u00fcge in das Fischerdorf Marsaxlokk, in eine Glasbl\u00e4serei, einen Steinbruch, in die ehemalige (Mdina) und jetzige (Valletta) Hauptstadt. Auch nach Rabat f\u00fchrte uns eine Reise, wo bereits das ganze Dorf zu Ehren des \u201eHeiligen Josefs\u201c (19.3.) festlich geschm\u00fcckt wurde. So erfuhren wir auch, dass es auf der ganzen Insel insgesamt 365 Kirchen gibt und der Gro\u00dfteil der Bev\u00f6lkerung bekennende Katholiken sind.<\/p>\n\n\n\n<p>Drei Nachmittage konnten alle nach eigener Wahl verbringen: Shopping, Chillen und einige Mutige wagten sogar ein Bad im Meer, genossen die Sonne oder a\u00dfen ihr erstes Eis der Saison.<\/p>\n\n\n\n<p>Am Ende der Woche waren manche betr\u00fcbt, dass es schon wieder galt, Abschied von Malta zu nehmen. Au\u00dferdem empfingen uns in \u00d6sterreich \u201efrostige\u201c Temperaturen von drei Grad. Trotzdem war die Freude gro\u00df, wieder vertraute Dinge wie Extrawurstsemmeln, Geselchtes, lange hei\u00dfe Duschen etc. genie\u00dfen zu k\u00f6nnen.<\/p>\n\n\n\n<p>Insgesamt waren sich aber alle einig: Malta war eine Reise wert und eine gute Auslands- und Spracherfahrung, auf die man gerne zur\u00fcckblickt.<\/p>\n\n\n\n<p>\u2018It was a great experience!\u2019<\/p>\n\n\n\n<p>\u2018The people are so friendly there\u2019<\/p>\n\n\n\n<figure class=\"wp-block-gallery has-nested-images columns-default is-cropped wp-block-gallery-1 is-layout-flex wp-block-gallery-is-layout-flex\">\n<figure class=\"wp-block-image size-large\"><img loading=\"lazy\" decoding=\"async\" width=\"768\" height=\"1021\" data-id=\"8690\" src=\"https:\/\/www.hlwkrieglach.at\/hlwneu\/wp-content\/uploads\/2025\/03\/hlwkrieglach_Malta2025_09.jpg\" alt=\"\" class=\"wp-image-8690\" srcset=\"https:\/\/www.hlwkrieglach.at\/hlwneu\/wp-content\/uploads\/2025\/03\/hlwkrieglach_Malta2025_09.jpg 768w, https:\/\/www.hlwkrieglach.at\/hlwneu\/wp-content\/uploads\/2025\/03\/hlwkrieglach_Malta2025_09-226x300.jpg 226w\" sizes=\"auto, (max-width: 768px) 100vw, 768px\" \/><\/figure>\n\n\n\n<figure class=\"wp-block-image size-large\"><img loading=\"lazy\" decoding=\"async\" width=\"1024\" height=\"612\" data-id=\"8689\" src=\"https:\/\/www.hlwkrieglach.at\/hlwneu\/wp-content\/uploads\/2025\/03\/hlwkrieglach_Malta2025_08.jpg\" alt=\"\" class=\"wp-image-8689\" srcset=\"https:\/\/www.hlwkrieglach.at\/hlwneu\/wp-content\/uploads\/2025\/03\/hlwkrieglach_Malta2025_08.jpg 1024w, https:\/\/www.hlwkrieglach.at\/hlwneu\/wp-content\/uploads\/2025\/03\/hlwkrieglach_Malta2025_08-300x179.jpg 300w, https:\/\/www.hlwkrieglach.at\/hlwneu\/wp-content\/uploads\/2025\/03\/hlwkrieglach_Malta2025_08-768x459.jpg 768w\" sizes=\"auto, (max-width: 1024px) 100vw, 1024px\" \/><\/figure>\n\n\n\n<figure class=\"wp-block-image size-large\"><img loading=\"lazy\" decoding=\"async\" width=\"768\" height=\"1024\" data-id=\"8688\" src=\"https:\/\/www.hlwkrieglach.at\/hlwneu\/wp-content\/uploads\/2025\/03\/hlwkrieglach_Malta2025_07.jpg\" alt=\"\" class=\"wp-image-8688\" srcset=\"https:\/\/www.hlwkrieglach.at\/hlwneu\/wp-content\/uploads\/2025\/03\/hlwkrieglach_Malta2025_07.jpg 768w, https:\/\/www.hlwkrieglach.at\/hlwneu\/wp-content\/uploads\/2025\/03\/hlwkrieglach_Malta2025_07-225x300.jpg 225w\" sizes=\"auto, (max-width: 768px) 100vw, 768px\" \/><\/figure>\n\n\n\n<figure class=\"wp-block-image size-large\"><img loading=\"lazy\" decoding=\"async\" width=\"768\" height=\"931\" data-id=\"8687\" src=\"https:\/\/www.hlwkrieglach.at\/hlwneu\/wp-content\/uploads\/2025\/03\/hlwkrieglach_Malta2025_06.jpg\" alt=\"\" class=\"wp-image-8687\" srcset=\"https:\/\/www.hlwkrieglach.at\/hlwneu\/wp-content\/uploads\/2025\/03\/hlwkrieglach_Malta2025_06.jpg 768w, https:\/\/www.hlwkrieglach.at\/hlwneu\/wp-content\/uploads\/2025\/03\/hlwkrieglach_Malta2025_06-247x300.jpg 247w\" sizes=\"auto, (max-width: 768px) 100vw, 768px\" \/><\/figure>\n\n\n\n<figure class=\"wp-block-image size-large\"><img loading=\"lazy\" decoding=\"async\" width=\"768\" height=\"1024\" data-id=\"8686\" src=\"https:\/\/www.hlwkrieglach.at\/hlwneu\/wp-content\/uploads\/2025\/03\/hlwkrieglach_Malta2025_05.jpg\" alt=\"\" class=\"wp-image-8686\" srcset=\"https:\/\/www.hlwkrieglach.at\/hlwneu\/wp-content\/uploads\/2025\/03\/hlwkrieglach_Malta2025_05.jpg 768w, https:\/\/www.hlwkrieglach.at\/hlwneu\/wp-content\/uploads\/2025\/03\/hlwkrieglach_Malta2025_05-225x300.jpg 225w\" sizes=\"auto, (max-width: 768px) 100vw, 768px\" \/><\/figure>\n\n\n\n<figure class=\"wp-block-image size-large\"><img loading=\"lazy\" decoding=\"async\" width=\"1024\" height=\"768\" data-id=\"8684\" src=\"https:\/\/www.hlwkrieglach.at\/hlwneu\/wp-content\/uploads\/2025\/03\/hlwkrieglach_Malta2025_03.jpg\" alt=\"\" class=\"wp-image-8684\" srcset=\"https:\/\/www.hlwkrieglach.at\/hlwneu\/wp-content\/uploads\/2025\/03\/hlwkrieglach_Malta2025_03.jpg 1024w, https:\/\/www.hlwkrieglach.at\/hlwneu\/wp-content\/uploads\/2025\/03\/hlwkrieglach_Malta2025_03-300x225.jpg 300w, https:\/\/www.hlwkrieglach.at\/hlwneu\/wp-content\/uploads\/2025\/03\/hlwkrieglach_Malta2025_03-768x576.jpg 768w\" sizes=\"auto, (max-width: 1024px) 100vw, 1024px\" \/><\/figure>\n\n\n\n<figure class=\"wp-block-image size-large\"><img loading=\"lazy\" decoding=\"async\" width=\"1024\" height=\"768\" data-id=\"8683\" src=\"https:\/\/www.hlwkrieglach.at\/hlwneu\/wp-content\/uploads\/2025\/03\/hlwkrieglach_Malta2025_02.jpg\" alt=\"\" class=\"wp-image-8683\" srcset=\"https:\/\/www.hlwkrieglach.at\/hlwneu\/wp-content\/uploads\/2025\/03\/hlwkrieglach_Malta2025_02.jpg 1024w, https:\/\/www.hlwkrieglach.at\/hlwneu\/wp-content\/uploads\/2025\/03\/hlwkrieglach_Malta2025_02-300x225.jpg 300w, https:\/\/www.hlwkrieglach.at\/hlwneu\/wp-content\/uploads\/2025\/03\/hlwkrieglach_Malta2025_02-768x576.jpg 768w\" sizes=\"auto, (max-width: 1024px) 100vw, 1024px\" \/><\/figure>\n\n\n\n<figure class=\"wp-block-image size-large\"><img loading=\"lazy\" decoding=\"async\" width=\"1024\" height=\"768\" data-id=\"8682\" src=\"https:\/\/www.hlwkrieglach.at\/hlwneu\/wp-content\/uploads\/2025\/03\/hlwkrieglach_Malta2025_01.jpg\" alt=\"\" class=\"wp-image-8682\" srcset=\"https:\/\/www.hlwkrieglach.at\/hlwneu\/wp-content\/uploads\/2025\/03\/hlwkrieglach_Malta2025_01.jpg 1024w, https:\/\/www.hlwkrieglach.at\/hlwneu\/wp-content\/uploads\/2025\/03\/hlwkrieglach_Malta2025_01-300x225.jpg 300w, https:\/\/www.hlwkrieglach.at\/hlwneu\/wp-content\/uploads\/2025\/03\/hlwkrieglach_Malta2025_01-768x576.jpg 768w\" sizes=\"auto, (max-width: 1024px) 100vw, 1024px\" \/><\/figure>\n<\/figure>\n","protected":false},"excerpt":{"rendered":"<p>Sehns\u00fcchtig von allen erwartet, fand im M\u00e4rz d. J. f\u00fcr 14 Sch\u00fcler:innen der HLW die Sprachwoche auf Malta statt. Wurden wir in Valletta anfangs auch von leichtem Regen begr\u00fc\u00dft, begleitete uns in der n\u00e4chsten Zeit nur Sonnenschein mit Temperaturen bis 22 Grad. Nach der Ankunft in San Giljan und Unterbringung der Sch\u00fcler:innen in Gastfamilien, galt [&hellip;]<\/p>\n","protected":false},"author":1,"featured_media":8685,"comment_status":"closed","ping_status":"closed","sticky":false,"template":"","format":"standard","meta":{"footnotes":""},"categories":[1],"tags":[],"class_list":["post-8691","post","type-post","status-publish","format-standard","has-post-thumbnail","hentry","category-allgemein"],"_links":{"self":[{"href":"https:\/\/www.hlwkrieglach.at\/hlwneu\/wp-json\/wp\/v2\/posts\/8691","targetHints":{"allow":["GET"]}}],"collection":[{"href":"https:\/\/www.hlwkrieglach.at\/hlwneu\/wp-json\/wp\/v2\/posts"}],"about":[{"href":"https:\/\/www.hlwkrieglach.at\/hlwneu\/wp-json\/wp\/v2\/types\/post"}],"author":[{"embeddable":true,"href":"https:\/\/www.hlwkrieglach.at\/hlwneu\/wp-json\/wp\/v2\/users\/1"}],"replies":[{"embeddable":true,"href":"https:\/\/www.hlwkrieglach.at\/hlwneu\/wp-json\/wp\/v2\/comments?post=8691"}],"version-history":[{"count":1,"href":"https:\/\/www.hlwkrieglach.at\/hlwneu\/wp-json\/wp\/v2\/posts\/8691\/revisions"}],"predecessor-version":[{"id":8692,"href":"https:\/\/www.hlwkrieglach.at\/hlwneu\/wp-json\/wp\/v2\/posts\/8691\/revisions\/8692"}],"wp:featuredmedia":[{"embeddable":true,"href":"https:\/\/www.hlwkrieglach.at\/hlwneu\/wp-json\/wp\/v2\/media\/8685"}],"wp:attachment":[{"href":"https:\/\/www.hlwkrieglach.at\/hlwneu\/wp-json\/wp\/v2\/media?parent=8691"}],"wp:term":[{"taxonomy":"category","embeddable":true,"href":"https:\/\/www.hlwkrieglach.at\/hlwneu\/wp-json\/wp\/v2\/categories?post=8691"},{"taxonomy":"post_tag","embeddable":true,"href":"https:\/\/www.hlwkrieglach.at\/hlwneu\/wp-json\/wp\/v2\/tags?post=8691"}],"curies":[{"name":"wp","href":"https:\/\/api.w.org\/{rel}","templated":true}]}}