{"id":8717,"date":"2025-03-30T11:19:49","date_gmt":"2025-03-30T09:19:49","guid":{"rendered":"https:\/\/www.hlwkrieglach.at\/hlwneu\/?p=8717"},"modified":"2025-03-30T11:19:53","modified_gmt":"2025-03-30T09:19:53","slug":"diplomarbeit-mit-herz-mediendesign-team-veroeffentlicht-kinderbuch-die-farbensammler","status":"publish","type":"post","link":"https:\/\/www.hlwkrieglach.at\/hlwneu\/diplomarbeit-mit-herz-mediendesign-team-veroeffentlicht-kinderbuch-die-farbensammler\/","title":{"rendered":"Diplomarbeit mit Herz: Mediendesign-Team ver\u00f6ffentlicht Kinderbuch \u201eDie Farbensammler\u201c"},"content":{"rendered":"\n<p>Ein kreatives Diplomarbeitsprojekt des Mediendesignkollegs Krieglach sorgt f\u00fcr Begeisterung: Die angehenden Mediendesignerinnen Rebecca Hami und Victoria Kuttnig haben nicht nur ein Kinderbuch geschrieben und illustriert, sondern es auch erfolgreich ver\u00f6ffentlicht.<\/p>\n\n\n\n<p>Das Buch mit dem Titel Die Farbensammler erz\u00e4hlt die Geschichte von Finn und Emma, die gemeinsam die Welt wieder mit Farben f\u00fcllen. Die beiden Autorinnen und Illustratorinnen haben s\u00e4mtliche Charaktere selbst entworfen und die Erz\u00e4hlung liebevolll gestaltet.<\/p>\n\n\n\n<p>Im Rahmen der Diplomarbeitspr\u00e4sentation wurde das fertige Werk erstmals der \u00d6ffentlichkeit vorgestellt. Ein besonderes Highlight war die Lesung am Vorlesetag, dem 28. M\u00e4rz 2025, bei der die jungen Zuh\u00f6rerinnen und Zuh\u00f6rer der Volksschule Krieglach in die farbenfrohe Welt von Finn und Emma eintauchen durften.<\/p>\n\n\n\n<p>Mit diesem Projekt zeigen die talentierten Absolventinnen eindrucksvoll, wie viel Leidenschaft und Kreativit\u00e4t in einer Diplomarbeit stecken k\u00f6nnen.<\/p>\n","protected":false},"excerpt":{"rendered":"<p>Ein kreatives Diplomarbeitsprojekt des Mediendesignkollegs Krieglach sorgt f\u00fcr Begeisterung: Die angehenden Mediendesignerinnen Rebecca Hami und Victoria Kuttnig haben nicht nur ein Kinderbuch geschrieben und illustriert, sondern es auch erfolgreich ver\u00f6ffentlicht. Das Buch mit dem Titel Die Farbensammler erz\u00e4hlt die Geschichte von Finn und Emma, die gemeinsam die Welt wieder mit Farben f\u00fcllen. Die beiden Autorinnen [&hellip;]<\/p>\n","protected":false},"author":1,"featured_media":8716,"comment_status":"closed","ping_status":"closed","sticky":false,"template":"","format":"standard","meta":{"footnotes":""},"categories":[1],"tags":[],"class_list":["post-8717","post","type-post","status-publish","format-standard","has-post-thumbnail","hentry","category-allgemein"],"_links":{"self":[{"href":"https:\/\/www.hlwkrieglach.at\/hlwneu\/wp-json\/wp\/v2\/posts\/8717","targetHints":{"allow":["GET"]}}],"collection":[{"href":"https:\/\/www.hlwkrieglach.at\/hlwneu\/wp-json\/wp\/v2\/posts"}],"about":[{"href":"https:\/\/www.hlwkrieglach.at\/hlwneu\/wp-json\/wp\/v2\/types\/post"}],"author":[{"embeddable":true,"href":"https:\/\/www.hlwkrieglach.at\/hlwneu\/wp-json\/wp\/v2\/users\/1"}],"replies":[{"embeddable":true,"href":"https:\/\/www.hlwkrieglach.at\/hlwneu\/wp-json\/wp\/v2\/comments?post=8717"}],"version-history":[{"count":1,"href":"https:\/\/www.hlwkrieglach.at\/hlwneu\/wp-json\/wp\/v2\/posts\/8717\/revisions"}],"predecessor-version":[{"id":8718,"href":"https:\/\/www.hlwkrieglach.at\/hlwneu\/wp-json\/wp\/v2\/posts\/8717\/revisions\/8718"}],"wp:featuredmedia":[{"embeddable":true,"href":"https:\/\/www.hlwkrieglach.at\/hlwneu\/wp-json\/wp\/v2\/media\/8716"}],"wp:attachment":[{"href":"https:\/\/www.hlwkrieglach.at\/hlwneu\/wp-json\/wp\/v2\/media?parent=8717"}],"wp:term":[{"taxonomy":"category","embeddable":true,"href":"https:\/\/www.hlwkrieglach.at\/hlwneu\/wp-json\/wp\/v2\/categories?post=8717"},{"taxonomy":"post_tag","embeddable":true,"href":"https:\/\/www.hlwkrieglach.at\/hlwneu\/wp-json\/wp\/v2\/tags?post=8717"}],"curies":[{"name":"wp","href":"https:\/\/api.w.org\/{rel}","templated":true}]}}