{"id":8727,"date":"2025-03-30T11:22:14","date_gmt":"2025-03-30T09:22:14","guid":{"rendered":"https:\/\/www.hlwkrieglach.at\/hlwneu\/?p=8727"},"modified":"2025-03-30T11:22:18","modified_gmt":"2025-03-30T09:22:18","slug":"feierlicher-abschluss-fuer-absolventinnen-der-fachschule-fuer-sozialberufe-mit-pflege-und-der-schule-fuer-gesundheits-und-krankenpflege","status":"publish","type":"post","link":"https:\/\/www.hlwkrieglach.at\/hlwneu\/feierlicher-abschluss-fuer-absolventinnen-der-fachschule-fuer-sozialberufe-mit-pflege-und-der-schule-fuer-gesundheits-und-krankenpflege\/","title":{"rendered":"Feierlicher Abschluss f\u00fcr Absolvent:innen der Fachschule f\u00fcr Sozialberufe mit Pflege und der Schule f\u00fcr Gesundheits- und Krankenpflege"},"content":{"rendered":"\n<p>In einem feierlichen Rahmen wurden die Absolvent:innen der 3-j\u00e4hrigen Fachschule f\u00fcr Sozialberufe mit Pflege der HLW Krieglach sowie der Schule f\u00fcr Gesundheits- und Krankenpflege Frohnleiten verabschiedet. Die Veranstaltung stand ganz im Zeichen des Erfolgs, der Zusammenarbeit und der Zukunftsperspektiven der zw\u00f6lf Absolvent:innen.<\/p>\n\n\n\n<p>Rosemarie Langbauer, Direktorin der Gesundheits- und Krankenpflegeschule Frohnleiten, betonte in ihrer Festrede die enge und wertsch\u00e4tzende Kooperation der beiden Schulen, die es den Sch\u00fcler:innen erm\u00f6glichte, eine fundierte Ausbildung mit hoher Praxisorientierung zu absolvieren. Sie hob hervor, wie wertvoll die erworbenen sozialen und pers\u00f6nlichen Kompetenzen f\u00fcr den weiteren beruflichen Weg der Absolvent:innen sind. Ihr Dank galt allen Beteiligten, die zur erfolgreichen Ausbildung beigetragen haben.<\/p>\n\n\n\n<p>Im Beisein von Landtagsabgeordneter Silvia Karelly, der Referatsleiterin f\u00fcr Gesundheitsberufe des Landes Steiermark, Dr. Karin Pesl-Ulm, und dem B\u00fcrgermeister von Frohnleiten, Johannes Wagner, legten die frisch gebackenen Fachkr\u00e4fte ihren feierlichen Berufseid ab.<\/p>\n\n\n\n<p>Auch seitens der HLW Krieglach fanden sich zahlreiche Ehreng\u00e4ste ein: Klassenvorst\u00e4ndin Birgit Grossegger, die ehemalige Direktorin Irene Maier sowie Direktor Jochen T\u00e4ubl begleiteten die Absolvent:innen an diesem besonderen Tag und w\u00fcrdigten ihre Leistungen.<\/p>\n\n\n\n<p>Die Bedeutung der Pflegeberufe ist in der heutigen Gesellschaft gr\u00f6\u00dfer denn je. Mit steigenden Anforderungen an das Gesundheitswesen sind qualifizierte Fachkr\u00e4fte gefragter denn je. Die Absolvent:innen dieser Ausbildung leisten einen wesentlichen Beitrag zur Gesundheitsversorgung und sind bestens ger\u00fcstet, um mit Fachkompetenz und Empathie in ihre zuk\u00fcnftigen Berufe zu starten.<\/p>\n\n\n\n<p>Dar\u00fcber hinaus er\u00f6ffnet diese Ausbildung vielf\u00e4ltige Weiterbildungsm\u00f6glichkeiten. Mit einigen zus\u00e4tzlichen Qualifikationen besteht die M\u00f6glichkeit, ein Studium an der Fachhochschule f\u00fcr Gesundheitsmanagement zu absolvieren. Damit stehen den Absolvent:innen nicht nur berufliche Chancen im Pflegebereich offen, sondern auch weiterf\u00fchrende akademische Karrierem\u00f6glichkeiten.<\/p>\n\n\n\n<p>Diese Abschlussfeier markiert somit nicht nur das Ende eines Ausbildungsweges, sondern auch den Beginn einer vielversprechenden Zukunft f\u00fcr die Absolvent:innen \u2013 sei es in der direkten Patientenbetreuung oder in weiterf\u00fchrenden Fach- und F\u00fchrungspositionen im Gesundheitswesen.<\/p>\n\n\n\n<figure class=\"wp-block-gallery has-nested-images columns-default is-cropped wp-block-gallery-1 is-layout-flex wp-block-gallery-is-layout-flex\">\n<figure class=\"wp-block-image size-large\"><img loading=\"lazy\" decoding=\"async\" width=\"1024\" height=\"768\" data-id=\"8726\" src=\"https:\/\/www.hlwkrieglach.at\/hlwneu\/wp-content\/uploads\/2025\/03\/hlwkrieglach_Verabschiedung_Frohnleiten_05.jpg\" alt=\"\" class=\"wp-image-8726\" srcset=\"https:\/\/www.hlwkrieglach.at\/hlwneu\/wp-content\/uploads\/2025\/03\/hlwkrieglach_Verabschiedung_Frohnleiten_05.jpg 1024w, https:\/\/www.hlwkrieglach.at\/hlwneu\/wp-content\/uploads\/2025\/03\/hlwkrieglach_Verabschiedung_Frohnleiten_05-300x225.jpg 300w, https:\/\/www.hlwkrieglach.at\/hlwneu\/wp-content\/uploads\/2025\/03\/hlwkrieglach_Verabschiedung_Frohnleiten_05-768x576.jpg 768w\" sizes=\"auto, (max-width: 1024px) 100vw, 1024px\" \/><\/figure>\n\n\n\n<figure class=\"wp-block-image size-large\"><img loading=\"lazy\" decoding=\"async\" width=\"1024\" height=\"768\" data-id=\"8725\" src=\"https:\/\/www.hlwkrieglach.at\/hlwneu\/wp-content\/uploads\/2025\/03\/hlwkrieglach_Verabschiedung_Frohnleiten_04.jpg\" alt=\"\" class=\"wp-image-8725\" srcset=\"https:\/\/www.hlwkrieglach.at\/hlwneu\/wp-content\/uploads\/2025\/03\/hlwkrieglach_Verabschiedung_Frohnleiten_04.jpg 1024w, https:\/\/www.hlwkrieglach.at\/hlwneu\/wp-content\/uploads\/2025\/03\/hlwkrieglach_Verabschiedung_Frohnleiten_04-300x225.jpg 300w, https:\/\/www.hlwkrieglach.at\/hlwneu\/wp-content\/uploads\/2025\/03\/hlwkrieglach_Verabschiedung_Frohnleiten_04-768x576.jpg 768w\" sizes=\"auto, (max-width: 1024px) 100vw, 1024px\" \/><\/figure>\n\n\n\n<figure class=\"wp-block-image size-large\"><img loading=\"lazy\" decoding=\"async\" width=\"768\" height=\"1023\" data-id=\"8724\" src=\"https:\/\/www.hlwkrieglach.at\/hlwneu\/wp-content\/uploads\/2025\/03\/hlwkrieglach_Verabschiedung_Frohnleiten_03.jpg\" alt=\"\" class=\"wp-image-8724\" srcset=\"https:\/\/www.hlwkrieglach.at\/hlwneu\/wp-content\/uploads\/2025\/03\/hlwkrieglach_Verabschiedung_Frohnleiten_03.jpg 768w, https:\/\/www.hlwkrieglach.at\/hlwneu\/wp-content\/uploads\/2025\/03\/hlwkrieglach_Verabschiedung_Frohnleiten_03-225x300.jpg 225w\" sizes=\"auto, (max-width: 768px) 100vw, 768px\" \/><\/figure>\n\n\n\n<figure class=\"wp-block-image size-large\"><img loading=\"lazy\" decoding=\"async\" width=\"768\" height=\"1023\" data-id=\"8723\" src=\"https:\/\/www.hlwkrieglach.at\/hlwneu\/wp-content\/uploads\/2025\/03\/hlwkrieglach_Verabschiedung_Frohnleiten_02.jpg\" alt=\"\" class=\"wp-image-8723\" srcset=\"https:\/\/www.hlwkrieglach.at\/hlwneu\/wp-content\/uploads\/2025\/03\/hlwkrieglach_Verabschiedung_Frohnleiten_02.jpg 768w, https:\/\/www.hlwkrieglach.at\/hlwneu\/wp-content\/uploads\/2025\/03\/hlwkrieglach_Verabschiedung_Frohnleiten_02-225x300.jpg 225w\" sizes=\"auto, (max-width: 768px) 100vw, 768px\" \/><\/figure>\n\n\n\n<figure class=\"wp-block-image size-large\"><img loading=\"lazy\" decoding=\"async\" width=\"1024\" height=\"768\" data-id=\"8721\" src=\"https:\/\/www.hlwkrieglach.at\/hlwneu\/wp-content\/uploads\/2025\/03\/hlwkrieglach_Verabschiedung_Frohnleiten_07.jpg\" alt=\"\" class=\"wp-image-8721\" srcset=\"https:\/\/www.hlwkrieglach.at\/hlwneu\/wp-content\/uploads\/2025\/03\/hlwkrieglach_Verabschiedung_Frohnleiten_07.jpg 1024w, https:\/\/www.hlwkrieglach.at\/hlwneu\/wp-content\/uploads\/2025\/03\/hlwkrieglach_Verabschiedung_Frohnleiten_07-300x225.jpg 300w, https:\/\/www.hlwkrieglach.at\/hlwneu\/wp-content\/uploads\/2025\/03\/hlwkrieglach_Verabschiedung_Frohnleiten_07-768x576.jpg 768w\" sizes=\"auto, (max-width: 1024px) 100vw, 1024px\" \/><\/figure>\n\n\n\n<figure class=\"wp-block-image size-large\"><img loading=\"lazy\" decoding=\"async\" width=\"1024\" height=\"768\" data-id=\"8720\" src=\"https:\/\/www.hlwkrieglach.at\/hlwneu\/wp-content\/uploads\/2025\/03\/hlwkrieglach_Verabschiedung_Frohnleiten_08.jpg\" alt=\"\" class=\"wp-image-8720\" srcset=\"https:\/\/www.hlwkrieglach.at\/hlwneu\/wp-content\/uploads\/2025\/03\/hlwkrieglach_Verabschiedung_Frohnleiten_08.jpg 1024w, https:\/\/www.hlwkrieglach.at\/hlwneu\/wp-content\/uploads\/2025\/03\/hlwkrieglach_Verabschiedung_Frohnleiten_08-300x225.jpg 300w, https:\/\/www.hlwkrieglach.at\/hlwneu\/wp-content\/uploads\/2025\/03\/hlwkrieglach_Verabschiedung_Frohnleiten_08-768x576.jpg 768w\" sizes=\"auto, (max-width: 1024px) 100vw, 1024px\" \/><\/figure>\n\n\n\n<figure class=\"wp-block-image size-large\"><img loading=\"lazy\" decoding=\"async\" width=\"1024\" height=\"768\" data-id=\"8719\" src=\"https:\/\/www.hlwkrieglach.at\/hlwneu\/wp-content\/uploads\/2025\/03\/hlwkrieglach_Verabschiedung_Frohnleiten_01.jpg\" alt=\"\" class=\"wp-image-8719\" srcset=\"https:\/\/www.hlwkrieglach.at\/hlwneu\/wp-content\/uploads\/2025\/03\/hlwkrieglach_Verabschiedung_Frohnleiten_01.jpg 1024w, https:\/\/www.hlwkrieglach.at\/hlwneu\/wp-content\/uploads\/2025\/03\/hlwkrieglach_Verabschiedung_Frohnleiten_01-300x225.jpg 300w, https:\/\/www.hlwkrieglach.at\/hlwneu\/wp-content\/uploads\/2025\/03\/hlwkrieglach_Verabschiedung_Frohnleiten_01-768x576.jpg 768w\" sizes=\"auto, (max-width: 1024px) 100vw, 1024px\" \/><\/figure>\n<\/figure>\n","protected":false},"excerpt":{"rendered":"<p>In einem feierlichen Rahmen wurden die Absolvent:innen der 3-j\u00e4hrigen Fachschule f\u00fcr Sozialberufe mit Pflege der HLW Krieglach sowie der Schule f\u00fcr Gesundheits- und Krankenpflege Frohnleiten verabschiedet. Die Veranstaltung stand ganz im Zeichen des Erfolgs, der Zusammenarbeit und der Zukunftsperspektiven der zw\u00f6lf Absolvent:innen. Rosemarie Langbauer, Direktorin der Gesundheits- und Krankenpflegeschule Frohnleiten, betonte in ihrer Festrede die [&hellip;]<\/p>\n","protected":false},"author":1,"featured_media":8722,"comment_status":"closed","ping_status":"closed","sticky":false,"template":"","format":"standard","meta":{"footnotes":""},"categories":[1],"tags":[],"class_list":["post-8727","post","type-post","status-publish","format-standard","has-post-thumbnail","hentry","category-allgemein"],"_links":{"self":[{"href":"https:\/\/www.hlwkrieglach.at\/hlwneu\/wp-json\/wp\/v2\/posts\/8727","targetHints":{"allow":["GET"]}}],"collection":[{"href":"https:\/\/www.hlwkrieglach.at\/hlwneu\/wp-json\/wp\/v2\/posts"}],"about":[{"href":"https:\/\/www.hlwkrieglach.at\/hlwneu\/wp-json\/wp\/v2\/types\/post"}],"author":[{"embeddable":true,"href":"https:\/\/www.hlwkrieglach.at\/hlwneu\/wp-json\/wp\/v2\/users\/1"}],"replies":[{"embeddable":true,"href":"https:\/\/www.hlwkrieglach.at\/hlwneu\/wp-json\/wp\/v2\/comments?post=8727"}],"version-history":[{"count":1,"href":"https:\/\/www.hlwkrieglach.at\/hlwneu\/wp-json\/wp\/v2\/posts\/8727\/revisions"}],"predecessor-version":[{"id":8728,"href":"https:\/\/www.hlwkrieglach.at\/hlwneu\/wp-json\/wp\/v2\/posts\/8727\/revisions\/8728"}],"wp:featuredmedia":[{"embeddable":true,"href":"https:\/\/www.hlwkrieglach.at\/hlwneu\/wp-json\/wp\/v2\/media\/8722"}],"wp:attachment":[{"href":"https:\/\/www.hlwkrieglach.at\/hlwneu\/wp-json\/wp\/v2\/media?parent=8727"}],"wp:term":[{"taxonomy":"category","embeddable":true,"href":"https:\/\/www.hlwkrieglach.at\/hlwneu\/wp-json\/wp\/v2\/categories?post=8727"},{"taxonomy":"post_tag","embeddable":true,"href":"https:\/\/www.hlwkrieglach.at\/hlwneu\/wp-json\/wp\/v2\/tags?post=8727"}],"curies":[{"name":"wp","href":"https:\/\/api.w.org\/{rel}","templated":true}]}}