{"id":8732,"date":"2025-03-30T11:24:22","date_gmt":"2025-03-30T09:24:22","guid":{"rendered":"https:\/\/www.hlwkrieglach.at\/hlwneu\/?p=8732"},"modified":"2025-03-30T11:24:25","modified_gmt":"2025-03-30T09:24:25","slug":"vorlesegenuss-an-der-hlw-krieglach-ein-fest-fuer-grosse-und-kleine-zuhoerer","status":"publish","type":"post","link":"https:\/\/www.hlwkrieglach.at\/hlwneu\/vorlesegenuss-an-der-hlw-krieglach-ein-fest-fuer-grosse-und-kleine-zuhoerer\/","title":{"rendered":"Vorlesegenuss an der HLW Krieglach: Ein Fest f\u00fcr gro\u00dfe und kleine Zuh\u00f6rer"},"content":{"rendered":"\n<p>Am 24. M\u00e4rz 2024 stand an der HLW Krieglach alles im Zeichen des Lesens: Anl\u00e4sslich des \u00d6sterreichischen Vorlesetags lud die Schule die Kinder der Familienklasse der Volksschule Krieglach sowie die 3. Klasse der Mittelschule Krieglach zu einer besonderen Leseveranstaltung ein.<\/p>\n\n\n\n<p>An sechs gem\u00fctlich gestalteten Stationen lauschten die jungen G\u00e4ste einer abwechslungsreichen Auswahl an Geschichten \u2013 von beliebten Klassikern bis hin zu spannenden Neuerscheinungen. In entspannter Atmosph\u00e4re lie\u00dfen sie sich von den vorgelesenen Erz\u00e4hlungen fesseln und tauchten in verschiedene literarische Welten ein.<\/p>\n\n\n\n<p>Als kr\u00f6nender Abschluss wartete eine s\u00fc\u00dfe St\u00e4rkung auf die jungen Zuh\u00f6rerinnen und Zuh\u00f6rer: Frisch gebackene Zimtschnecken und selbstgemachte Limonade rundeten das Vorleseerlebnis genussvoll ab.<\/p>\n\n\n\n<p>Der \u00d6sterreichische Vorlesetag an der HLW Krieglach bewies einmal mehr, wie wichtig und sch\u00f6n gemeinsames Lesen ist \u2013 eine wertvolle Tradition, die Kinder f\u00fcr B\u00fccher begeistert und das Miteinander st\u00e4rkt.<\/p>\n\n\n\n<figure class=\"wp-block-gallery has-nested-images columns-default is-cropped wp-block-gallery-1 is-layout-flex wp-block-gallery-is-layout-flex\">\n<figure class=\"wp-block-image size-large\"><img loading=\"lazy\" decoding=\"async\" width=\"1024\" height=\"768\" data-id=\"8730\" src=\"https:\/\/www.hlwkrieglach.at\/hlwneu\/wp-content\/uploads\/2025\/03\/hlwkrieglach_Vorlesetag_02.jpg\" alt=\"\" class=\"wp-image-8730\" srcset=\"https:\/\/www.hlwkrieglach.at\/hlwneu\/wp-content\/uploads\/2025\/03\/hlwkrieglach_Vorlesetag_02.jpg 1024w, https:\/\/www.hlwkrieglach.at\/hlwneu\/wp-content\/uploads\/2025\/03\/hlwkrieglach_Vorlesetag_02-300x225.jpg 300w, https:\/\/www.hlwkrieglach.at\/hlwneu\/wp-content\/uploads\/2025\/03\/hlwkrieglach_Vorlesetag_02-768x576.jpg 768w\" sizes=\"auto, (max-width: 1024px) 100vw, 1024px\" \/><\/figure>\n\n\n\n<figure class=\"wp-block-image size-large\"><img loading=\"lazy\" decoding=\"async\" width=\"1024\" height=\"768\" data-id=\"8729\" src=\"https:\/\/www.hlwkrieglach.at\/hlwneu\/wp-content\/uploads\/2025\/03\/hlwkrieglach_Vorlesetag_01.jpg\" alt=\"\" class=\"wp-image-8729\" srcset=\"https:\/\/www.hlwkrieglach.at\/hlwneu\/wp-content\/uploads\/2025\/03\/hlwkrieglach_Vorlesetag_01.jpg 1024w, https:\/\/www.hlwkrieglach.at\/hlwneu\/wp-content\/uploads\/2025\/03\/hlwkrieglach_Vorlesetag_01-300x225.jpg 300w, https:\/\/www.hlwkrieglach.at\/hlwneu\/wp-content\/uploads\/2025\/03\/hlwkrieglach_Vorlesetag_01-768x576.jpg 768w\" sizes=\"auto, (max-width: 1024px) 100vw, 1024px\" \/><\/figure>\n<\/figure>\n","protected":false},"excerpt":{"rendered":"<p>Am 24. M\u00e4rz 2024 stand an der HLW Krieglach alles im Zeichen des Lesens: Anl\u00e4sslich des \u00d6sterreichischen Vorlesetags lud die Schule die Kinder der Familienklasse der Volksschule Krieglach sowie die 3. Klasse der Mittelschule Krieglach zu einer besonderen Leseveranstaltung ein. An sechs gem\u00fctlich gestalteten Stationen lauschten die jungen G\u00e4ste einer abwechslungsreichen Auswahl an Geschichten \u2013 [&hellip;]<\/p>\n","protected":false},"author":1,"featured_media":8731,"comment_status":"closed","ping_status":"closed","sticky":false,"template":"","format":"standard","meta":{"footnotes":""},"categories":[1],"tags":[],"class_list":["post-8732","post","type-post","status-publish","format-standard","has-post-thumbnail","hentry","category-allgemein"],"_links":{"self":[{"href":"https:\/\/www.hlwkrieglach.at\/hlwneu\/wp-json\/wp\/v2\/posts\/8732","targetHints":{"allow":["GET"]}}],"collection":[{"href":"https:\/\/www.hlwkrieglach.at\/hlwneu\/wp-json\/wp\/v2\/posts"}],"about":[{"href":"https:\/\/www.hlwkrieglach.at\/hlwneu\/wp-json\/wp\/v2\/types\/post"}],"author":[{"embeddable":true,"href":"https:\/\/www.hlwkrieglach.at\/hlwneu\/wp-json\/wp\/v2\/users\/1"}],"replies":[{"embeddable":true,"href":"https:\/\/www.hlwkrieglach.at\/hlwneu\/wp-json\/wp\/v2\/comments?post=8732"}],"version-history":[{"count":1,"href":"https:\/\/www.hlwkrieglach.at\/hlwneu\/wp-json\/wp\/v2\/posts\/8732\/revisions"}],"predecessor-version":[{"id":8733,"href":"https:\/\/www.hlwkrieglach.at\/hlwneu\/wp-json\/wp\/v2\/posts\/8732\/revisions\/8733"}],"wp:featuredmedia":[{"embeddable":true,"href":"https:\/\/www.hlwkrieglach.at\/hlwneu\/wp-json\/wp\/v2\/media\/8731"}],"wp:attachment":[{"href":"https:\/\/www.hlwkrieglach.at\/hlwneu\/wp-json\/wp\/v2\/media?parent=8732"}],"wp:term":[{"taxonomy":"category","embeddable":true,"href":"https:\/\/www.hlwkrieglach.at\/hlwneu\/wp-json\/wp\/v2\/categories?post=8732"},{"taxonomy":"post_tag","embeddable":true,"href":"https:\/\/www.hlwkrieglach.at\/hlwneu\/wp-json\/wp\/v2\/tags?post=8732"}],"curies":[{"name":"wp","href":"https:\/\/api.w.org\/{rel}","templated":true}]}}