{"id":8746,"date":"2025-04-01T19:21:25","date_gmt":"2025-04-01T17:21:25","guid":{"rendered":"https:\/\/www.hlwkrieglach.at\/hlwneu\/?p=8746"},"modified":"2025-04-01T19:21:29","modified_gmt":"2025-04-01T17:21:29","slug":"wenn-jemand-eine-reise-tut-so-kann-er-was-erzaehlen","status":"publish","type":"post","link":"https:\/\/www.hlwkrieglach.at\/hlwneu\/wenn-jemand-eine-reise-tut-so-kann-er-was-erzaehlen\/","title":{"rendered":"\u201eWenn jemand eine Reise tut, so kann er was erz\u00e4hlen!\u201c"},"content":{"rendered":"\n<p>(Zitat v. Matthias Claudius)<\/p>\n\n\n\n<p>Die Exkursion der 1FW am 31. M\u00e4rz stand genau unter diesem Motto. Zuerst ging es mit dem Zug nach Wien, wo als Erstes eine F\u00fchrung durch das Parlament auf dem Programm stand. Hier erfuhren die Sch\u00fcler:innen nicht nur Wissenswertes \u00fcber Aufgaben und Funktionen des Parlamentes, sondern auch \u00fcber die Errichtung, Ausstattung und die k\u00fcrzlich erfolgte Renovierung des historischen Geb\u00e4udes. Da an diesem Tag keine Parlamentssitzung stattfand, durften alle im Sitzungssaal diverse Regierungspl\u00e4tze einnehmen und alles aus einer ungewohnten Perspektive betrachten.<\/p>\n\n\n\n<p>Nach einer Mittagspause, die jede\/r individuell gestaltete, ging es gemeinsam ins Heeresgeschichtliche Museum, in dem die Sch\u00fcler:innen in Kleingruppen verschiedene Ausstellungen besichtigen konnten. So standen z. B. der Saal der Revolutionen, die Panzer-, Marine- oder Feldherrenhalle und einige andere zur Wahl. &nbsp;<\/p>\n\n\n\n<p>Nach einem informativen Tag in Wien, der abwechselnd von Sonnenschein und wiederholten Regeng\u00fcssen begleitet worden war, ging es wieder heim in die Steiermark, wo uns zur Abwechslung leichter Schneefall erwartete.<\/p>\n\n\n\n<figure class=\"wp-block-gallery has-nested-images columns-default is-cropped wp-block-gallery-1 is-layout-flex wp-block-gallery-is-layout-flex\">\n<figure class=\"wp-block-image size-large\"><img loading=\"lazy\" decoding=\"async\" width=\"484\" height=\"1024\" data-id=\"8745\" src=\"https:\/\/www.hlwkrieglach.at\/hlwneu\/wp-content\/uploads\/2025\/04\/hlwkrieglach_1FW_Wien_08.jpg\" alt=\"\" class=\"wp-image-8745\" srcset=\"https:\/\/www.hlwkrieglach.at\/hlwneu\/wp-content\/uploads\/2025\/04\/hlwkrieglach_1FW_Wien_08.jpg 484w, https:\/\/www.hlwkrieglach.at\/hlwneu\/wp-content\/uploads\/2025\/04\/hlwkrieglach_1FW_Wien_08-142x300.jpg 142w\" sizes=\"auto, (max-width: 484px) 100vw, 484px\" \/><\/figure>\n\n\n\n<figure class=\"wp-block-image size-large\"><img loading=\"lazy\" decoding=\"async\" width=\"484\" height=\"1024\" data-id=\"8744\" src=\"https:\/\/www.hlwkrieglach.at\/hlwneu\/wp-content\/uploads\/2025\/04\/hlwkrieglach_1FW_Wien_07.jpg\" alt=\"\" class=\"wp-image-8744\" srcset=\"https:\/\/www.hlwkrieglach.at\/hlwneu\/wp-content\/uploads\/2025\/04\/hlwkrieglach_1FW_Wien_07.jpg 484w, https:\/\/www.hlwkrieglach.at\/hlwneu\/wp-content\/uploads\/2025\/04\/hlwkrieglach_1FW_Wien_07-142x300.jpg 142w\" sizes=\"auto, (max-width: 484px) 100vw, 484px\" \/><\/figure>\n\n\n\n<figure class=\"wp-block-image size-large\"><img loading=\"lazy\" decoding=\"async\" width=\"1024\" height=\"768\" data-id=\"8743\" src=\"https:\/\/www.hlwkrieglach.at\/hlwneu\/wp-content\/uploads\/2025\/04\/hlwkrieglach_1FW_Wien_06.jpg\" alt=\"\" class=\"wp-image-8743\" srcset=\"https:\/\/www.hlwkrieglach.at\/hlwneu\/wp-content\/uploads\/2025\/04\/hlwkrieglach_1FW_Wien_06.jpg 1024w, https:\/\/www.hlwkrieglach.at\/hlwneu\/wp-content\/uploads\/2025\/04\/hlwkrieglach_1FW_Wien_06-300x225.jpg 300w, https:\/\/www.hlwkrieglach.at\/hlwneu\/wp-content\/uploads\/2025\/04\/hlwkrieglach_1FW_Wien_06-768x576.jpg 768w\" sizes=\"auto, (max-width: 1024px) 100vw, 1024px\" \/><\/figure>\n\n\n\n<figure class=\"wp-block-image size-large\"><img loading=\"lazy\" decoding=\"async\" width=\"768\" height=\"1024\" data-id=\"8742\" src=\"https:\/\/www.hlwkrieglach.at\/hlwneu\/wp-content\/uploads\/2025\/04\/hlwkrieglach_1FW_Wien_05.jpg\" alt=\"\" class=\"wp-image-8742\" srcset=\"https:\/\/www.hlwkrieglach.at\/hlwneu\/wp-content\/uploads\/2025\/04\/hlwkrieglach_1FW_Wien_05.jpg 768w, https:\/\/www.hlwkrieglach.at\/hlwneu\/wp-content\/uploads\/2025\/04\/hlwkrieglach_1FW_Wien_05-225x300.jpg 225w\" sizes=\"auto, (max-width: 768px) 100vw, 768px\" \/><\/figure>\n\n\n\n<figure class=\"wp-block-image size-large\"><img loading=\"lazy\" decoding=\"async\" width=\"1024\" height=\"768\" data-id=\"8741\" src=\"https:\/\/www.hlwkrieglach.at\/hlwneu\/wp-content\/uploads\/2025\/04\/hlwkrieglach_1FW_Wien_04.jpg\" alt=\"\" class=\"wp-image-8741\" srcset=\"https:\/\/www.hlwkrieglach.at\/hlwneu\/wp-content\/uploads\/2025\/04\/hlwkrieglach_1FW_Wien_04.jpg 1024w, https:\/\/www.hlwkrieglach.at\/hlwneu\/wp-content\/uploads\/2025\/04\/hlwkrieglach_1FW_Wien_04-300x225.jpg 300w, https:\/\/www.hlwkrieglach.at\/hlwneu\/wp-content\/uploads\/2025\/04\/hlwkrieglach_1FW_Wien_04-768x576.jpg 768w\" sizes=\"auto, (max-width: 1024px) 100vw, 1024px\" \/><\/figure>\n\n\n\n<figure class=\"wp-block-image size-large\"><img loading=\"lazy\" decoding=\"async\" width=\"1024\" height=\"768\" data-id=\"8739\" src=\"https:\/\/www.hlwkrieglach.at\/hlwneu\/wp-content\/uploads\/2025\/04\/hlwkrieglach_1FW_Wien_02.jpg\" alt=\"\" class=\"wp-image-8739\" srcset=\"https:\/\/www.hlwkrieglach.at\/hlwneu\/wp-content\/uploads\/2025\/04\/hlwkrieglach_1FW_Wien_02.jpg 1024w, https:\/\/www.hlwkrieglach.at\/hlwneu\/wp-content\/uploads\/2025\/04\/hlwkrieglach_1FW_Wien_02-300x225.jpg 300w, https:\/\/www.hlwkrieglach.at\/hlwneu\/wp-content\/uploads\/2025\/04\/hlwkrieglach_1FW_Wien_02-768x576.jpg 768w\" sizes=\"auto, (max-width: 1024px) 100vw, 1024px\" \/><\/figure>\n\n\n\n<figure class=\"wp-block-image size-large\"><img loading=\"lazy\" decoding=\"async\" width=\"1024\" height=\"768\" data-id=\"8738\" src=\"https:\/\/www.hlwkrieglach.at\/hlwneu\/wp-content\/uploads\/2025\/04\/hlwkrieglach_1FW_Wien_01.jpg\" alt=\"\" class=\"wp-image-8738\" srcset=\"https:\/\/www.hlwkrieglach.at\/hlwneu\/wp-content\/uploads\/2025\/04\/hlwkrieglach_1FW_Wien_01.jpg 1024w, https:\/\/www.hlwkrieglach.at\/hlwneu\/wp-content\/uploads\/2025\/04\/hlwkrieglach_1FW_Wien_01-300x225.jpg 300w, https:\/\/www.hlwkrieglach.at\/hlwneu\/wp-content\/uploads\/2025\/04\/hlwkrieglach_1FW_Wien_01-768x576.jpg 768w\" sizes=\"auto, (max-width: 1024px) 100vw, 1024px\" \/><\/figure>\n<\/figure>\n","protected":false},"excerpt":{"rendered":"<p>(Zitat v. Matthias Claudius) Die Exkursion der 1FW am 31. M\u00e4rz stand genau unter diesem Motto. Zuerst ging es mit dem Zug nach Wien, wo als Erstes eine F\u00fchrung durch das Parlament auf dem Programm stand. Hier erfuhren die Sch\u00fcler:innen nicht nur Wissenswertes \u00fcber Aufgaben und Funktionen des Parlamentes, sondern auch \u00fcber die Errichtung, Ausstattung [&hellip;]<\/p>\n","protected":false},"author":1,"featured_media":8740,"comment_status":"closed","ping_status":"closed","sticky":false,"template":"","format":"standard","meta":{"footnotes":""},"categories":[1],"tags":[],"class_list":["post-8746","post","type-post","status-publish","format-standard","has-post-thumbnail","hentry","category-allgemein"],"_links":{"self":[{"href":"https:\/\/www.hlwkrieglach.at\/hlwneu\/wp-json\/wp\/v2\/posts\/8746","targetHints":{"allow":["GET"]}}],"collection":[{"href":"https:\/\/www.hlwkrieglach.at\/hlwneu\/wp-json\/wp\/v2\/posts"}],"about":[{"href":"https:\/\/www.hlwkrieglach.at\/hlwneu\/wp-json\/wp\/v2\/types\/post"}],"author":[{"embeddable":true,"href":"https:\/\/www.hlwkrieglach.at\/hlwneu\/wp-json\/wp\/v2\/users\/1"}],"replies":[{"embeddable":true,"href":"https:\/\/www.hlwkrieglach.at\/hlwneu\/wp-json\/wp\/v2\/comments?post=8746"}],"version-history":[{"count":1,"href":"https:\/\/www.hlwkrieglach.at\/hlwneu\/wp-json\/wp\/v2\/posts\/8746\/revisions"}],"predecessor-version":[{"id":8747,"href":"https:\/\/www.hlwkrieglach.at\/hlwneu\/wp-json\/wp\/v2\/posts\/8746\/revisions\/8747"}],"wp:featuredmedia":[{"embeddable":true,"href":"https:\/\/www.hlwkrieglach.at\/hlwneu\/wp-json\/wp\/v2\/media\/8740"}],"wp:attachment":[{"href":"https:\/\/www.hlwkrieglach.at\/hlwneu\/wp-json\/wp\/v2\/media?parent=8746"}],"wp:term":[{"taxonomy":"category","embeddable":true,"href":"https:\/\/www.hlwkrieglach.at\/hlwneu\/wp-json\/wp\/v2\/categories?post=8746"},{"taxonomy":"post_tag","embeddable":true,"href":"https:\/\/www.hlwkrieglach.at\/hlwneu\/wp-json\/wp\/v2\/tags?post=8746"}],"curies":[{"name":"wp","href":"https:\/\/api.w.org\/{rel}","templated":true}]}}