{"id":8769,"date":"2025-04-25T12:36:30","date_gmt":"2025-04-25T10:36:30","guid":{"rendered":"https:\/\/www.hlwkrieglach.at\/hlwneu\/?p=8769"},"modified":"2025-04-30T09:11:34","modified_gmt":"2025-04-30T07:11:34","slug":"besuch-des-ehemaligen-kz-nebenlagers-aflenz","status":"publish","type":"post","link":"https:\/\/www.hlwkrieglach.at\/hlwneu\/besuch-des-ehemaligen-kz-nebenlagers-aflenz\/","title":{"rendered":"Besuch des ehemaligen KZ-Nebenlagers Aflenz"},"content":{"rendered":"\n<p>Am 10. April unternahm die 3FS-Klasse eine Exkursion nach Leibnitz\/Aflenz an der Sulm. Zur Vertiefung des Faches Geschichte und Politische Bildung stand der Besuch des ehemaligen R\u00f6mersteinbruches auf dem Programm.<\/p>\n\n\n\n<p>Mit \u00d6ffis und Top-Ticket war das Ziel in 2 \u00bd Stunden erreicht und Frau Esther Dirnberger (Mauthausen Guide) erwartete uns bereits. In einer 1 \u00bd-st\u00fcndigen F\u00fchrung erkl\u00e4rte sie uns die Geschichte des R\u00f6mersteinbruchs &#8211; vom Abbau in der Antike bis zur Nutzung der Stollen f\u00fcr die Kriegsproduktion in den Jahren 1943 bis 1945.<\/p>\n\n\n\n<p>Anhand der Unterlagen des ehemaligen Zeitzeugen und Inwohners im KZ-Gel\u00e4nde, des B\u00fcrgermeisters und Landtagsabgeordneten Franz Trampusch (\u20202022), f\u00fchrte sie uns durch die Dauerausstellung mit ber\u00fchrenden Bildern und schockierenden Aufzeichnungen zu den Haft- und Arbeitsbedingungen in diesem Lager.<\/p>\n\n\n\n<p>Nach der unterirdischen F\u00fchrung im Stollensystem gingen wir noch zu den Ruinen des ehemaligen W\u00e4chterhauses, ehe wir wieder die Heimreise antraten.<\/p>\n\n\n\n<p>Das Lager Aflenz war nur eines von insgesamt acht KZ-Nebenlagern von Mauthausen in der Steiermark.<\/p>\n\n\n\n<p>Prof. Zeilinger<\/p>\n\n\n\n<p><\/p>\n\n\n\n<figure class=\"wp-block-gallery has-nested-images columns-default is-cropped wp-block-gallery-1 is-layout-flex wp-block-gallery-is-layout-flex\">\n<figure class=\"wp-block-image size-large\"><img loading=\"lazy\" decoding=\"async\" width=\"1024\" height=\"576\" data-id=\"8767\" src=\"https:\/\/www.hlwkrieglach.at\/hlwneu\/wp-content\/uploads\/2025\/04\/hlwkrieglach_3FS_Aflenz_03.jpg\" alt=\"\" class=\"wp-image-8767\" srcset=\"https:\/\/www.hlwkrieglach.at\/hlwneu\/wp-content\/uploads\/2025\/04\/hlwkrieglach_3FS_Aflenz_03.jpg 1024w, https:\/\/www.hlwkrieglach.at\/hlwneu\/wp-content\/uploads\/2025\/04\/hlwkrieglach_3FS_Aflenz_03-300x169.jpg 300w, https:\/\/www.hlwkrieglach.at\/hlwneu\/wp-content\/uploads\/2025\/04\/hlwkrieglach_3FS_Aflenz_03-768x432.jpg 768w, https:\/\/www.hlwkrieglach.at\/hlwneu\/wp-content\/uploads\/2025\/04\/hlwkrieglach_3FS_Aflenz_03-270x153.jpg 270w\" sizes=\"auto, (max-width: 1024px) 100vw, 1024px\" \/><\/figure>\n\n\n\n<figure class=\"wp-block-image size-large\"><img loading=\"lazy\" decoding=\"async\" width=\"1024\" height=\"576\" data-id=\"8766\" src=\"https:\/\/www.hlwkrieglach.at\/hlwneu\/wp-content\/uploads\/2025\/04\/hlwkrieglach_3FS_Aflenz_02.jpg\" alt=\"\" class=\"wp-image-8766\" srcset=\"https:\/\/www.hlwkrieglach.at\/hlwneu\/wp-content\/uploads\/2025\/04\/hlwkrieglach_3FS_Aflenz_02.jpg 1024w, https:\/\/www.hlwkrieglach.at\/hlwneu\/wp-content\/uploads\/2025\/04\/hlwkrieglach_3FS_Aflenz_02-300x169.jpg 300w, https:\/\/www.hlwkrieglach.at\/hlwneu\/wp-content\/uploads\/2025\/04\/hlwkrieglach_3FS_Aflenz_02-768x432.jpg 768w, https:\/\/www.hlwkrieglach.at\/hlwneu\/wp-content\/uploads\/2025\/04\/hlwkrieglach_3FS_Aflenz_02-270x153.jpg 270w\" sizes=\"auto, (max-width: 1024px) 100vw, 1024px\" \/><\/figure>\n\n\n\n<figure class=\"wp-block-image size-large\"><img loading=\"lazy\" decoding=\"async\" width=\"1024\" height=\"576\" data-id=\"8765\" src=\"https:\/\/www.hlwkrieglach.at\/hlwneu\/wp-content\/uploads\/2025\/04\/hlwkrieglach_3FS_Aflenz_01.jpg\" alt=\"\" class=\"wp-image-8765\" srcset=\"https:\/\/www.hlwkrieglach.at\/hlwneu\/wp-content\/uploads\/2025\/04\/hlwkrieglach_3FS_Aflenz_01.jpg 1024w, https:\/\/www.hlwkrieglach.at\/hlwneu\/wp-content\/uploads\/2025\/04\/hlwkrieglach_3FS_Aflenz_01-300x169.jpg 300w, https:\/\/www.hlwkrieglach.at\/hlwneu\/wp-content\/uploads\/2025\/04\/hlwkrieglach_3FS_Aflenz_01-768x432.jpg 768w, https:\/\/www.hlwkrieglach.at\/hlwneu\/wp-content\/uploads\/2025\/04\/hlwkrieglach_3FS_Aflenz_01-270x153.jpg 270w\" sizes=\"auto, (max-width: 1024px) 100vw, 1024px\" \/><\/figure>\n<\/figure>\n\n\n\n<p>Prof. Zeilinger<\/p>\n","protected":false},"excerpt":{"rendered":"<p>Am 10. April unternahm die 3FS-Klasse eine Exkursion nach Leibnitz\/Aflenz an der Sulm. Zur Vertiefung des Faches Geschichte und Politische Bildung stand der Besuch des ehemaligen R\u00f6mersteinbruches auf dem Programm. Mit \u00d6ffis und Top-Ticket war das Ziel in 2 \u00bd Stunden erreicht und Frau Esther Dirnberger (Mauthausen Guide) erwartete uns bereits. In einer 1 \u00bd-st\u00fcndigen [&hellip;]<\/p>\n","protected":false},"author":1,"featured_media":8768,"comment_status":"closed","ping_status":"closed","sticky":false,"template":"","format":"standard","meta":{"footnotes":""},"categories":[1],"tags":[],"class_list":["post-8769","post","type-post","status-publish","format-standard","has-post-thumbnail","hentry","category-allgemein"],"_links":{"self":[{"href":"https:\/\/www.hlwkrieglach.at\/hlwneu\/wp-json\/wp\/v2\/posts\/8769","targetHints":{"allow":["GET"]}}],"collection":[{"href":"https:\/\/www.hlwkrieglach.at\/hlwneu\/wp-json\/wp\/v2\/posts"}],"about":[{"href":"https:\/\/www.hlwkrieglach.at\/hlwneu\/wp-json\/wp\/v2\/types\/post"}],"author":[{"embeddable":true,"href":"https:\/\/www.hlwkrieglach.at\/hlwneu\/wp-json\/wp\/v2\/users\/1"}],"replies":[{"embeddable":true,"href":"https:\/\/www.hlwkrieglach.at\/hlwneu\/wp-json\/wp\/v2\/comments?post=8769"}],"version-history":[{"count":2,"href":"https:\/\/www.hlwkrieglach.at\/hlwneu\/wp-json\/wp\/v2\/posts\/8769\/revisions"}],"predecessor-version":[{"id":8772,"href":"https:\/\/www.hlwkrieglach.at\/hlwneu\/wp-json\/wp\/v2\/posts\/8769\/revisions\/8772"}],"wp:featuredmedia":[{"embeddable":true,"href":"https:\/\/www.hlwkrieglach.at\/hlwneu\/wp-json\/wp\/v2\/media\/8768"}],"wp:attachment":[{"href":"https:\/\/www.hlwkrieglach.at\/hlwneu\/wp-json\/wp\/v2\/media?parent=8769"}],"wp:term":[{"taxonomy":"category","embeddable":true,"href":"https:\/\/www.hlwkrieglach.at\/hlwneu\/wp-json\/wp\/v2\/categories?post=8769"},{"taxonomy":"post_tag","embeddable":true,"href":"https:\/\/www.hlwkrieglach.at\/hlwneu\/wp-json\/wp\/v2\/tags?post=8769"}],"curies":[{"name":"wp","href":"https:\/\/api.w.org\/{rel}","templated":true}]}}