{"id":8880,"date":"2025-07-01T08:40:29","date_gmt":"2025-07-01T06:40:29","guid":{"rendered":"https:\/\/www.hlwkrieglach.at\/hlwneu\/?p=8880"},"modified":"2025-07-01T08:40:31","modified_gmt":"2025-07-01T06:40:31","slug":"hlw-unterwegs-zwischen-himmel-und-hoefischem-schein","status":"publish","type":"post","link":"https:\/\/www.hlwkrieglach.at\/hlwneu\/hlw-unterwegs-zwischen-himmel-und-hoefischem-schein\/","title":{"rendered":"HLW unterwegs zwischen Himmel und h\u00f6fischem S(ch)ein"},"content":{"rendered":"\n<p>Zwischen Grazer Dom und Schloss Eggenberg: Die 1 HL und 4 HL der HLW Krieglach machten sich k\u00fcrzlich auf den Weg nach Graz \u2013 und erlebten Geschichte zum Anfassen, Staunen und Nachdenken. Was als Religions- und Geschichtsexkursion begann, entwickelte sich zu einer Zeitreise zwischen gotischer Schlankheit, barocker Wucht und goldenem Prunk.<\/p>\n\n\n\n<p><strong>Erster Halt: Der Grazer Dom<\/strong><\/p>\n\n\n\n<p>Gleich zu Beginn beeindruckte das gotische \u201eGottesplagenbild\u201c von Thomas von Villach an der Au\u00dfenfassade des ehrw\u00fcrdigen Doms. Im Inneren inszenierte sich Kaiser Friedrich III. h\u00f6chstpers\u00f6nlich als Schutzherr \u2013 fast wie ein steirischer Christophorus mit Herzogshut. Die beiden Reliquienschreine (ehemals Brauttruhen) zogen ebenfalls Aufmerksamkeit auf sich und die Geschichten rund um den Reliquientourismus in fr\u00fcheren Zeiten. Kaum bekannt: Der Dom war nicht nur ein Ort des Glaubens, sondern auch Schauplatz machtvoller Selbstdarstellung.<\/p>\n\n\n\n<p>\u00dcber eine schmale Wendeltreppe ging es hinauf zum Glockenturm, wo sich der Blick \u00fcber die D\u00e4cher von Graz \u00f6ffnete \u2013 ein wahrhaft himmlischer Ausblick. Anschlie\u00dfend f\u00fchrte der Weg unter die Erde ins Mausoleum Kaiser Ferdinands II. zum kunstvoll gestalteten Doppelsarkophag aus Rotmarmor. Dort h\u00f6rten wir Geschichten \u00fcber die Herzerlgruft und die Grabtradition der Habsburger, Leib und Herz getrennt an verschiedenen Orten zu bestatten.<\/p>\n\n\n\n<p>In der Friedrichskapelle zog schlie\u00dflich Conrad Laibs Gem\u00e4lde \u201eKreuzigung im Gedr\u00e4ng\u201c alle Blicke auf sich \u2013 eine eindrucksvolle Verbindung von theologischer Aussage und kunsthistorischen Details, und ein Bild, das \u00fcber die Jahrhunderte viele Fragen aufwarf.<\/p>\n\n\n\n<p><strong>Weiter geht\u2019s: Schloss Eggenberg \u2013 mehr Schein als Sein?<\/strong><\/p>\n\n\n\n<p>Nach so viel Gotik wartete mit Schloss Eggenberg der barocke Pomp. In der aktuellen Steiermark-Schau \u201eAmbition &amp; Illusion\u201c wurden Glanz und Glorie der F\u00fcrstenfamilie von Eggenberg gezeigt \u2013 und, wie sich herausstellte, auch jede Menge Drama. F\u00fcrst Hans Ulrich von Eggenberg, ein echter Polit-Profi und Aufsteiger, lie\u00df sich im Schloss mit 24 Prunkr\u00e4umen feiern \u2013 die H\u00e4lfte f\u00fcr ihn, die andere f\u00fcr seine Gemahlin.<\/p>\n\n\n\n<p><strong>Ein Highlight? Ganz klar: die goldene Kutsche aus Krumau.<\/strong><\/p>\n\n\n\n<p>Sie war das Prunkst\u00fcck eines gigantischen Festzugs durch Rom \u2013 alles, um dem Papst zu gefallen, und ist f\u00fcr die Schau von Krumau nach Graz zur\u00fcckgekehrt. Da wurde Geld verbrannt, als g\u00e4be es kein Morgen. Und sp\u00e4testens beim Comic \u00fcber die Kavalierstour der Eggenberger S\u00f6hne durch Italien war klar: Auch Adelige hatten ihren ganz eigenen Maturaausflug \u2013 mit deutlich mehr Budget.<\/p>\n\n\n\n<figure class=\"wp-block-gallery has-nested-images columns-default is-cropped wp-block-gallery-1 is-layout-flex wp-block-gallery-is-layout-flex\">\n<figure class=\"wp-block-image size-large\"><img loading=\"lazy\" decoding=\"async\" width=\"1024\" height=\"472\" data-id=\"8890\" src=\"https:\/\/www.hlwkrieglach.at\/hlwneu\/wp-content\/uploads\/2025\/07\/hlwkrieglach_Exkursion_Graz_10.jpg\" alt=\"\" class=\"wp-image-8890\" srcset=\"https:\/\/www.hlwkrieglach.at\/hlwneu\/wp-content\/uploads\/2025\/07\/hlwkrieglach_Exkursion_Graz_10.jpg 1024w, https:\/\/www.hlwkrieglach.at\/hlwneu\/wp-content\/uploads\/2025\/07\/hlwkrieglach_Exkursion_Graz_10-300x138.jpg 300w, https:\/\/www.hlwkrieglach.at\/hlwneu\/wp-content\/uploads\/2025\/07\/hlwkrieglach_Exkursion_Graz_10-768x354.jpg 768w\" sizes=\"auto, (max-width: 1024px) 100vw, 1024px\" \/><\/figure>\n\n\n\n<figure class=\"wp-block-image size-large\"><img loading=\"lazy\" decoding=\"async\" width=\"1024\" height=\"471\" data-id=\"8888\" src=\"https:\/\/www.hlwkrieglach.at\/hlwneu\/wp-content\/uploads\/2025\/07\/hlwkrieglach_Exkursion_Graz_08.jpg\" alt=\"\" class=\"wp-image-8888\" srcset=\"https:\/\/www.hlwkrieglach.at\/hlwneu\/wp-content\/uploads\/2025\/07\/hlwkrieglach_Exkursion_Graz_08.jpg 1024w, https:\/\/www.hlwkrieglach.at\/hlwneu\/wp-content\/uploads\/2025\/07\/hlwkrieglach_Exkursion_Graz_08-300x138.jpg 300w, https:\/\/www.hlwkrieglach.at\/hlwneu\/wp-content\/uploads\/2025\/07\/hlwkrieglach_Exkursion_Graz_08-768x353.jpg 768w\" sizes=\"auto, (max-width: 1024px) 100vw, 1024px\" \/><\/figure>\n\n\n\n<figure class=\"wp-block-image size-large\"><img loading=\"lazy\" decoding=\"async\" width=\"1024\" height=\"472\" data-id=\"8887\" src=\"https:\/\/www.hlwkrieglach.at\/hlwneu\/wp-content\/uploads\/2025\/07\/hlwkrieglach_Exkursion_Graz_07.jpg\" alt=\"\" class=\"wp-image-8887\" srcset=\"https:\/\/www.hlwkrieglach.at\/hlwneu\/wp-content\/uploads\/2025\/07\/hlwkrieglach_Exkursion_Graz_07.jpg 1024w, https:\/\/www.hlwkrieglach.at\/hlwneu\/wp-content\/uploads\/2025\/07\/hlwkrieglach_Exkursion_Graz_07-300x138.jpg 300w, https:\/\/www.hlwkrieglach.at\/hlwneu\/wp-content\/uploads\/2025\/07\/hlwkrieglach_Exkursion_Graz_07-768x354.jpg 768w\" sizes=\"auto, (max-width: 1024px) 100vw, 1024px\" \/><\/figure>\n\n\n\n<figure class=\"wp-block-image size-large\"><img loading=\"lazy\" decoding=\"async\" width=\"1024\" height=\"472\" data-id=\"8886\" src=\"https:\/\/www.hlwkrieglach.at\/hlwneu\/wp-content\/uploads\/2025\/07\/hlwkrieglach_Exkursion_Graz_06.jpg\" alt=\"\" class=\"wp-image-8886\" srcset=\"https:\/\/www.hlwkrieglach.at\/hlwneu\/wp-content\/uploads\/2025\/07\/hlwkrieglach_Exkursion_Graz_06.jpg 1024w, https:\/\/www.hlwkrieglach.at\/hlwneu\/wp-content\/uploads\/2025\/07\/hlwkrieglach_Exkursion_Graz_06-300x138.jpg 300w, https:\/\/www.hlwkrieglach.at\/hlwneu\/wp-content\/uploads\/2025\/07\/hlwkrieglach_Exkursion_Graz_06-768x354.jpg 768w\" sizes=\"auto, (max-width: 1024px) 100vw, 1024px\" \/><\/figure>\n\n\n\n<figure class=\"wp-block-image size-large\"><img loading=\"lazy\" decoding=\"async\" width=\"472\" height=\"1024\" data-id=\"8885\" src=\"https:\/\/www.hlwkrieglach.at\/hlwneu\/wp-content\/uploads\/2025\/07\/hlwkrieglach_Exkursion_Graz_05.jpg\" alt=\"\" class=\"wp-image-8885\" srcset=\"https:\/\/www.hlwkrieglach.at\/hlwneu\/wp-content\/uploads\/2025\/07\/hlwkrieglach_Exkursion_Graz_05.jpg 472w, https:\/\/www.hlwkrieglach.at\/hlwneu\/wp-content\/uploads\/2025\/07\/hlwkrieglach_Exkursion_Graz_05-138x300.jpg 138w\" sizes=\"auto, (max-width: 472px) 100vw, 472px\" \/><\/figure>\n\n\n\n<figure class=\"wp-block-image size-large\"><img loading=\"lazy\" decoding=\"async\" width=\"1024\" height=\"471\" data-id=\"8884\" src=\"https:\/\/www.hlwkrieglach.at\/hlwneu\/wp-content\/uploads\/2025\/07\/hlwkrieglach_Exkursion_Graz_04.jpg\" alt=\"\" class=\"wp-image-8884\" srcset=\"https:\/\/www.hlwkrieglach.at\/hlwneu\/wp-content\/uploads\/2025\/07\/hlwkrieglach_Exkursion_Graz_04.jpg 1024w, https:\/\/www.hlwkrieglach.at\/hlwneu\/wp-content\/uploads\/2025\/07\/hlwkrieglach_Exkursion_Graz_04-300x138.jpg 300w, https:\/\/www.hlwkrieglach.at\/hlwneu\/wp-content\/uploads\/2025\/07\/hlwkrieglach_Exkursion_Graz_04-768x353.jpg 768w\" sizes=\"auto, (max-width: 1024px) 100vw, 1024px\" \/><\/figure>\n\n\n\n<figure class=\"wp-block-image size-large\"><img loading=\"lazy\" decoding=\"async\" width=\"472\" height=\"1024\" data-id=\"8883\" src=\"https:\/\/www.hlwkrieglach.at\/hlwneu\/wp-content\/uploads\/2025\/07\/hlwkrieglach_Exkursion_Graz_03.jpg\" alt=\"\" class=\"wp-image-8883\" srcset=\"https:\/\/www.hlwkrieglach.at\/hlwneu\/wp-content\/uploads\/2025\/07\/hlwkrieglach_Exkursion_Graz_03.jpg 472w, https:\/\/www.hlwkrieglach.at\/hlwneu\/wp-content\/uploads\/2025\/07\/hlwkrieglach_Exkursion_Graz_03-138x300.jpg 138w\" sizes=\"auto, (max-width: 472px) 100vw, 472px\" \/><\/figure>\n\n\n\n<figure class=\"wp-block-image size-large\"><img loading=\"lazy\" decoding=\"async\" width=\"1024\" height=\"471\" data-id=\"8882\" src=\"https:\/\/www.hlwkrieglach.at\/hlwneu\/wp-content\/uploads\/2025\/07\/hlwkrieglach_Exkursion_Graz_02.jpg\" alt=\"\" class=\"wp-image-8882\" srcset=\"https:\/\/www.hlwkrieglach.at\/hlwneu\/wp-content\/uploads\/2025\/07\/hlwkrieglach_Exkursion_Graz_02.jpg 1024w, https:\/\/www.hlwkrieglach.at\/hlwneu\/wp-content\/uploads\/2025\/07\/hlwkrieglach_Exkursion_Graz_02-300x138.jpg 300w, https:\/\/www.hlwkrieglach.at\/hlwneu\/wp-content\/uploads\/2025\/07\/hlwkrieglach_Exkursion_Graz_02-768x353.jpg 768w\" sizes=\"auto, (max-width: 1024px) 100vw, 1024px\" \/><\/figure>\n\n\n\n<figure class=\"wp-block-image size-large\"><img loading=\"lazy\" decoding=\"async\" width=\"1024\" height=\"472\" data-id=\"8881\" src=\"https:\/\/www.hlwkrieglach.at\/hlwneu\/wp-content\/uploads\/2025\/07\/hlwkrieglach_Exkursion_Graz_01.jpg\" alt=\"\" class=\"wp-image-8881\" srcset=\"https:\/\/www.hlwkrieglach.at\/hlwneu\/wp-content\/uploads\/2025\/07\/hlwkrieglach_Exkursion_Graz_01.jpg 1024w, https:\/\/www.hlwkrieglach.at\/hlwneu\/wp-content\/uploads\/2025\/07\/hlwkrieglach_Exkursion_Graz_01-300x138.jpg 300w, https:\/\/www.hlwkrieglach.at\/hlwneu\/wp-content\/uploads\/2025\/07\/hlwkrieglach_Exkursion_Graz_01-768x354.jpg 768w\" sizes=\"auto, (max-width: 1024px) 100vw, 1024px\" \/><\/figure>\n<\/figure>\n","protected":false},"excerpt":{"rendered":"<p>Zwischen Grazer Dom und Schloss Eggenberg: Die 1 HL und 4 HL der HLW Krieglach machten sich k\u00fcrzlich auf den Weg nach Graz \u2013 und erlebten Geschichte zum Anfassen, Staunen und Nachdenken. Was als Religions- und Geschichtsexkursion begann, entwickelte sich zu einer Zeitreise zwischen gotischer Schlankheit, barocker Wucht und goldenem Prunk. Erster Halt: Der Grazer [&hellip;]<\/p>\n","protected":false},"author":1,"featured_media":8889,"comment_status":"closed","ping_status":"closed","sticky":false,"template":"","format":"standard","meta":{"footnotes":""},"categories":[1],"tags":[],"class_list":["post-8880","post","type-post","status-publish","format-standard","has-post-thumbnail","hentry","category-allgemein"],"_links":{"self":[{"href":"https:\/\/www.hlwkrieglach.at\/hlwneu\/wp-json\/wp\/v2\/posts\/8880","targetHints":{"allow":["GET"]}}],"collection":[{"href":"https:\/\/www.hlwkrieglach.at\/hlwneu\/wp-json\/wp\/v2\/posts"}],"about":[{"href":"https:\/\/www.hlwkrieglach.at\/hlwneu\/wp-json\/wp\/v2\/types\/post"}],"author":[{"embeddable":true,"href":"https:\/\/www.hlwkrieglach.at\/hlwneu\/wp-json\/wp\/v2\/users\/1"}],"replies":[{"embeddable":true,"href":"https:\/\/www.hlwkrieglach.at\/hlwneu\/wp-json\/wp\/v2\/comments?post=8880"}],"version-history":[{"count":1,"href":"https:\/\/www.hlwkrieglach.at\/hlwneu\/wp-json\/wp\/v2\/posts\/8880\/revisions"}],"predecessor-version":[{"id":8891,"href":"https:\/\/www.hlwkrieglach.at\/hlwneu\/wp-json\/wp\/v2\/posts\/8880\/revisions\/8891"}],"wp:featuredmedia":[{"embeddable":true,"href":"https:\/\/www.hlwkrieglach.at\/hlwneu\/wp-json\/wp\/v2\/media\/8889"}],"wp:attachment":[{"href":"https:\/\/www.hlwkrieglach.at\/hlwneu\/wp-json\/wp\/v2\/media?parent=8880"}],"wp:term":[{"taxonomy":"category","embeddable":true,"href":"https:\/\/www.hlwkrieglach.at\/hlwneu\/wp-json\/wp\/v2\/categories?post=8880"},{"taxonomy":"post_tag","embeddable":true,"href":"https:\/\/www.hlwkrieglach.at\/hlwneu\/wp-json\/wp\/v2\/tags?post=8880"}],"curies":[{"name":"wp","href":"https:\/\/api.w.org\/{rel}","templated":true}]}}