{"id":8906,"date":"2025-07-01T08:50:54","date_gmt":"2025-07-01T06:50:54","guid":{"rendered":"https:\/\/www.hlwkrieglach.at\/hlwneu\/?p=8906"},"modified":"2025-07-01T08:50:56","modified_gmt":"2025-07-01T06:50:56","slug":"33-kandidatinnen-traten-zu-muendlichen-abschlusspruefungen-an","status":"publish","type":"post","link":"https:\/\/www.hlwkrieglach.at\/hlwneu\/33-kandidatinnen-traten-zu-muendlichen-abschlusspruefungen-an\/","title":{"rendered":"33 Kandidat*innen traten zu m\u00fcndlichen Abschlusspr\u00fcfungen an"},"content":{"rendered":"\n<p>Von 10. bis 12. Juni 2025 fanden an der HLW Krieglach die m\u00fcndlichen Abschluss- und Diplompr\u00fcfungen statt. Insgesamt 33 Sch\u00fcler*innen und Studierende stellten sich den Pr\u00fcfungskommissionen \u2013 mit gro\u00dfteils erfreulichen Ergebnissen.<\/p>\n\n\n\n<p>Angetreten waren elf Sch\u00fcler*innen der dreij\u00e4hrigen Fachschule f\u00fcr Sozialberufe mit Pflegevorbereitung, sieben Kandidat*innen der f\u00fcnfj\u00e4hrigen H\u00f6heren Lehranstalt f\u00fcr wirtschaftliche Berufe (HLW) sowie 15 Studierende des zweij\u00e4hrigen Kollegs f\u00fcr Kommunikations- und Mediendesign.<\/p>\n\n\n\n<p>Die m\u00fcndlichen Pr\u00fcfungen fanden in einer Vielzahl von berufsbildenden und allgemeinbildenden F\u00e4chern statt. So zeigten die Pr\u00fcflinge ihr K\u00f6nnen unter anderem in \u201eErn\u00e4hrung, Gesundheit und Sport\u201c, \u201eSoziale Handlungsfelder\u201c, \u201eBetriebswirtschaft und Projektmanagement\u201c, \u201eDesign und Kreatives Gestalten\u201c, \u201eFoto-, Video- und Audiotechnik\u201c oder \u201eAngewandter Informatik\u201c. Die thematische Breite spiegelte nicht nur die Vielseitigkeit der Ausbildung, sondern auch das individuelle Engagement der Kandidat*innen wider.<\/p>\n\n\n\n<p>Direktor Jochen T\u00e4ubl gratulierte den Pr\u00fcflingen im Namen des gesamten Lehrk\u00f6rpers:<br><em>\u201eDie Leistungen der jungen Erwachsenen zeigen, wie viel Flei\u00df, Ausdauer und pers\u00f6nliches Wachstum in den letzten Jahren geleistet wurde. Wir sind stolz auf jede und jeden Einzelnen.\u201c<\/em><\/p>\n\n\n\n<p>Die erfolgreichen Absolvent*innen werden am Freitag, dem 13. Juni 2025, im Rahmen einer feierlichen Schulveranstaltung verabschiedet. F\u00fcr sie beginnt nun ein neuer Lebensabschnitt \u2013 sei es im Beruf, an weiterf\u00fchrenden Bildungseinrichtungen oder im Studium.<\/p>\n\n\n\n<figure class=\"wp-block-gallery has-nested-images columns-default is-cropped wp-block-gallery-1 is-layout-flex wp-block-gallery-is-layout-flex\">\n<figure class=\"wp-block-image size-large\"><img loading=\"lazy\" decoding=\"async\" width=\"1024\" height=\"731\" data-id=\"8909\" src=\"https:\/\/www.hlwkrieglach.at\/hlwneu\/wp-content\/uploads\/2025\/07\/hlwkrieglach_Abschluss_24_25_03.jpg\" alt=\"\" class=\"wp-image-8909\" srcset=\"https:\/\/www.hlwkrieglach.at\/hlwneu\/wp-content\/uploads\/2025\/07\/hlwkrieglach_Abschluss_24_25_03.jpg 1024w, https:\/\/www.hlwkrieglach.at\/hlwneu\/wp-content\/uploads\/2025\/07\/hlwkrieglach_Abschluss_24_25_03-300x214.jpg 300w, https:\/\/www.hlwkrieglach.at\/hlwneu\/wp-content\/uploads\/2025\/07\/hlwkrieglach_Abschluss_24_25_03-768x548.jpg 768w\" sizes=\"auto, (max-width: 1024px) 100vw, 1024px\" \/><\/figure>\n\n\n\n<figure class=\"wp-block-image size-large\"><img loading=\"lazy\" decoding=\"async\" width=\"1024\" height=\"731\" data-id=\"8908\" src=\"https:\/\/www.hlwkrieglach.at\/hlwneu\/wp-content\/uploads\/2025\/07\/hlwkrieglach_Abschluss_24_25_02.jpg\" alt=\"\" class=\"wp-image-8908\" srcset=\"https:\/\/www.hlwkrieglach.at\/hlwneu\/wp-content\/uploads\/2025\/07\/hlwkrieglach_Abschluss_24_25_02.jpg 1024w, https:\/\/www.hlwkrieglach.at\/hlwneu\/wp-content\/uploads\/2025\/07\/hlwkrieglach_Abschluss_24_25_02-300x214.jpg 300w, https:\/\/www.hlwkrieglach.at\/hlwneu\/wp-content\/uploads\/2025\/07\/hlwkrieglach_Abschluss_24_25_02-768x548.jpg 768w\" sizes=\"auto, (max-width: 1024px) 100vw, 1024px\" \/><\/figure>\n\n\n\n<figure class=\"wp-block-image size-large\"><img loading=\"lazy\" decoding=\"async\" width=\"1024\" height=\"731\" data-id=\"8907\" src=\"https:\/\/www.hlwkrieglach.at\/hlwneu\/wp-content\/uploads\/2025\/07\/hlwkrieglach_Abschluss_24_25_01.jpg\" alt=\"\" class=\"wp-image-8907\" srcset=\"https:\/\/www.hlwkrieglach.at\/hlwneu\/wp-content\/uploads\/2025\/07\/hlwkrieglach_Abschluss_24_25_01.jpg 1024w, https:\/\/www.hlwkrieglach.at\/hlwneu\/wp-content\/uploads\/2025\/07\/hlwkrieglach_Abschluss_24_25_01-300x214.jpg 300w, https:\/\/www.hlwkrieglach.at\/hlwneu\/wp-content\/uploads\/2025\/07\/hlwkrieglach_Abschluss_24_25_01-768x548.jpg 768w\" sizes=\"auto, (max-width: 1024px) 100vw, 1024px\" \/><\/figure>\n<\/figure>\n","protected":false},"excerpt":{"rendered":"<p>Von 10. bis 12. Juni 2025 fanden an der HLW Krieglach die m\u00fcndlichen Abschluss- und Diplompr\u00fcfungen statt. Insgesamt 33 Sch\u00fcler*innen und Studierende stellten sich den Pr\u00fcfungskommissionen \u2013 mit gro\u00dfteils erfreulichen Ergebnissen. Angetreten waren elf Sch\u00fcler*innen der dreij\u00e4hrigen Fachschule f\u00fcr Sozialberufe mit Pflegevorbereitung, sieben Kandidat*innen der f\u00fcnfj\u00e4hrigen H\u00f6heren Lehranstalt f\u00fcr wirtschaftliche Berufe (HLW) sowie 15 Studierende [&hellip;]<\/p>\n","protected":false},"author":1,"featured_media":0,"comment_status":"closed","ping_status":"closed","sticky":false,"template":"","format":"standard","meta":{"footnotes":""},"categories":[1],"tags":[],"class_list":["post-8906","post","type-post","status-publish","format-standard","hentry","category-allgemein"],"_links":{"self":[{"href":"https:\/\/www.hlwkrieglach.at\/hlwneu\/wp-json\/wp\/v2\/posts\/8906","targetHints":{"allow":["GET"]}}],"collection":[{"href":"https:\/\/www.hlwkrieglach.at\/hlwneu\/wp-json\/wp\/v2\/posts"}],"about":[{"href":"https:\/\/www.hlwkrieglach.at\/hlwneu\/wp-json\/wp\/v2\/types\/post"}],"author":[{"embeddable":true,"href":"https:\/\/www.hlwkrieglach.at\/hlwneu\/wp-json\/wp\/v2\/users\/1"}],"replies":[{"embeddable":true,"href":"https:\/\/www.hlwkrieglach.at\/hlwneu\/wp-json\/wp\/v2\/comments?post=8906"}],"version-history":[{"count":1,"href":"https:\/\/www.hlwkrieglach.at\/hlwneu\/wp-json\/wp\/v2\/posts\/8906\/revisions"}],"predecessor-version":[{"id":8910,"href":"https:\/\/www.hlwkrieglach.at\/hlwneu\/wp-json\/wp\/v2\/posts\/8906\/revisions\/8910"}],"wp:attachment":[{"href":"https:\/\/www.hlwkrieglach.at\/hlwneu\/wp-json\/wp\/v2\/media?parent=8906"}],"wp:term":[{"taxonomy":"category","embeddable":true,"href":"https:\/\/www.hlwkrieglach.at\/hlwneu\/wp-json\/wp\/v2\/categories?post=8906"},{"taxonomy":"post_tag","embeddable":true,"href":"https:\/\/www.hlwkrieglach.at\/hlwneu\/wp-json\/wp\/v2\/tags?post=8906"}],"curies":[{"name":"wp","href":"https:\/\/api.w.org\/{rel}","templated":true}]}}