{"id":8935,"date":"2025-07-01T08:55:35","date_gmt":"2025-07-01T06:55:35","guid":{"rendered":"https:\/\/www.hlwkrieglach.at\/hlwneu\/?p=8935"},"modified":"2025-07-01T08:55:36","modified_gmt":"2025-07-01T06:55:36","slug":"artmosphaere-regionale-kunst-im-schulpark-der-hlw-krieglach","status":"publish","type":"post","link":"https:\/\/www.hlwkrieglach.at\/hlwneu\/artmosphaere-regionale-kunst-im-schulpark-der-hlw-krieglach\/","title":{"rendered":"ARTmosph\u00e4re: Regionale Kunst im Schulpark der HLW Krieglach"},"content":{"rendered":"\n<p><strong>Krieglach, Juni 2025<\/strong>&nbsp;\u2013 Der Schulpark der HLW Krieglach wurde zur B\u00fchne f\u00fcr eine au\u00dfergew\u00f6hnliche Freiluftausstellung. Unter dem Titel&nbsp;<em>\u201eART-mosph\u00e4re\u201c<\/em>&nbsp;pr\u00e4sentierten&nbsp;<strong>13 K\u00fcnstler:innen aus der Region<\/strong>&nbsp;ihre Werke \u2013 ein Gemeinschaftsprojekt in enger Zusammenarbeit mit der Kunstinitiative&nbsp;<strong>Anders\u00b0Art<\/strong>.<\/p>\n\n\n\n<p><strong>Kunst unter freiem Himmel<\/strong><strong><\/strong><\/p>\n\n\n\n<p>Die Ausstellung lud Besucher:innen dazu ein, das Thema \u201eArtmosph\u00e4re\u201c auf sinnliche Weise zu erleben. Die Werke \u2013 von Installationen \u00fcber Malerei bis hin zu Objektkunst \u2013 n\u00e4herten sich dem Begriff auf unterschiedlichste Weise: durch Licht, Raumwirkung, Farbgestaltung oder symbolische Elemente.<\/p>\n\n\n\n<p><strong>Starke Partnerschaft \u2013 lebendige Umsetzung<\/strong><strong><\/strong><\/p>\n\n\n\n<p>Initiiert und koordiniert wurde das Projekt von&nbsp;<strong>Anders\u00b0Art<\/strong>&nbsp;und&nbsp;<strong>Elke Wihsounig<\/strong>, die gemeinsam 13 regionale K\u00fcnstler:innen versammelten. Die HLW Krieglach unterst\u00fctzte nicht nur organisatorisch, sondern bot mit dem Schulpark eine atmosph\u00e4rische Kulisse \u2013 und sorgte mit kulinarischen K\u00f6stlichkeiten f\u00fcr das leibliche Wohl der G\u00e4ste.<\/p>\n\n\n\n<p>Auch lokale Partner trugen zur besonderen Stimmung bei: Die&nbsp;<strong>Musikschule Krieglach<\/strong>&nbsp;begleitete die Veranstaltung musikalisch,&nbsp;<strong>Miaztoi Br\u00e4u<\/strong>&nbsp;sorgte mit regionalen Bieren f\u00fcr Erfrischung, und die&nbsp;<strong>Gemeinde Krieglach<\/strong>&nbsp;unterst\u00fctzte das Projekt aktiv.<\/p>\n\n\n\n<p><strong>Regionale Vielfalt erlebbar gemacht<\/strong><strong><\/strong><\/p>\n\n\n\n<p>Die teilnehmenden K\u00fcnstler:innen brachten ihre jeweils eigene k\u00fcnstlerische Handschrift mit. Entstanden ist ein inspirierender Rundgang durch verschiedenste Stimmungen und Ausdrucksformen \u2013 von poetisch bis provokant \u2013 eingebettet in die nat\u00fcrliche Umgebung des Schulparks.<\/p>\n\n\n\n<p>Die Ausstellung ist noch bis&nbsp;<strong>31. August 2025<\/strong>&nbsp;\u00f6ffentlich zug\u00e4nglich und kann&nbsp;<strong>kostenlos jederzeit besichtigt<\/strong>&nbsp;werden.<\/p>\n\n\n\n<p><strong>Fazit<\/strong><strong><\/strong><\/p>\n\n\n\n<p>Mit&nbsp;<em>ARTmosph\u00e4re<\/em>&nbsp;wurde ein starker kultureller Impuls in Krieglach gesetzt. Das Projekt vereint Kunst, Natur und Gemeinschaft auf eindrucksvolle Weise \u2013 und zeigt, wie kreativ-kulturelle Kooperation im l\u00e4ndlichen Raum lebendig werden kann.<\/p>\n\n\n\n<figure class=\"wp-block-gallery has-nested-images columns-default is-cropped wp-block-gallery-1 is-layout-flex wp-block-gallery-is-layout-flex\">\n<figure class=\"wp-block-image size-large\"><img loading=\"lazy\" decoding=\"async\" width=\"683\" height=\"1024\" data-id=\"8960\" src=\"https:\/\/www.hlwkrieglach.at\/hlwneu\/wp-content\/uploads\/2025\/07\/hlwkrieglach_Vernissage_25.jpg\" alt=\"\" class=\"wp-image-8960\" srcset=\"https:\/\/www.hlwkrieglach.at\/hlwneu\/wp-content\/uploads\/2025\/07\/hlwkrieglach_Vernissage_25.jpg 683w, https:\/\/www.hlwkrieglach.at\/hlwneu\/wp-content\/uploads\/2025\/07\/hlwkrieglach_Vernissage_25-200x300.jpg 200w\" sizes=\"auto, (max-width: 683px) 100vw, 683px\" \/><\/figure>\n\n\n\n<figure class=\"wp-block-image size-large\"><img loading=\"lazy\" decoding=\"async\" width=\"1024\" height=\"683\" data-id=\"8959\" src=\"https:\/\/www.hlwkrieglach.at\/hlwneu\/wp-content\/uploads\/2025\/07\/hlwkrieglach_Vernissage_24.jpg\" alt=\"\" class=\"wp-image-8959\" srcset=\"https:\/\/www.hlwkrieglach.at\/hlwneu\/wp-content\/uploads\/2025\/07\/hlwkrieglach_Vernissage_24.jpg 1024w, https:\/\/www.hlwkrieglach.at\/hlwneu\/wp-content\/uploads\/2025\/07\/hlwkrieglach_Vernissage_24-300x200.jpg 300w, https:\/\/www.hlwkrieglach.at\/hlwneu\/wp-content\/uploads\/2025\/07\/hlwkrieglach_Vernissage_24-768x512.jpg 768w, https:\/\/www.hlwkrieglach.at\/hlwneu\/wp-content\/uploads\/2025\/07\/hlwkrieglach_Vernissage_24-270x180.jpg 270w\" sizes=\"auto, (max-width: 1024px) 100vw, 1024px\" \/><\/figure>\n\n\n\n<figure class=\"wp-block-image size-large\"><img loading=\"lazy\" decoding=\"async\" width=\"1024\" height=\"683\" data-id=\"8958\" src=\"https:\/\/www.hlwkrieglach.at\/hlwneu\/wp-content\/uploads\/2025\/07\/hlwkrieglach_Vernissage_23.jpg\" alt=\"\" class=\"wp-image-8958\" srcset=\"https:\/\/www.hlwkrieglach.at\/hlwneu\/wp-content\/uploads\/2025\/07\/hlwkrieglach_Vernissage_23.jpg 1024w, https:\/\/www.hlwkrieglach.at\/hlwneu\/wp-content\/uploads\/2025\/07\/hlwkrieglach_Vernissage_23-300x200.jpg 300w, https:\/\/www.hlwkrieglach.at\/hlwneu\/wp-content\/uploads\/2025\/07\/hlwkrieglach_Vernissage_23-768x512.jpg 768w, https:\/\/www.hlwkrieglach.at\/hlwneu\/wp-content\/uploads\/2025\/07\/hlwkrieglach_Vernissage_23-270x180.jpg 270w\" sizes=\"auto, (max-width: 1024px) 100vw, 1024px\" \/><\/figure>\n\n\n\n<figure class=\"wp-block-image size-large\"><img loading=\"lazy\" decoding=\"async\" width=\"1024\" height=\"683\" data-id=\"8957\" src=\"https:\/\/www.hlwkrieglach.at\/hlwneu\/wp-content\/uploads\/2025\/07\/hlwkrieglach_Vernissage_22.jpg\" alt=\"\" class=\"wp-image-8957\" srcset=\"https:\/\/www.hlwkrieglach.at\/hlwneu\/wp-content\/uploads\/2025\/07\/hlwkrieglach_Vernissage_22.jpg 1024w, https:\/\/www.hlwkrieglach.at\/hlwneu\/wp-content\/uploads\/2025\/07\/hlwkrieglach_Vernissage_22-300x200.jpg 300w, https:\/\/www.hlwkrieglach.at\/hlwneu\/wp-content\/uploads\/2025\/07\/hlwkrieglach_Vernissage_22-768x512.jpg 768w, https:\/\/www.hlwkrieglach.at\/hlwneu\/wp-content\/uploads\/2025\/07\/hlwkrieglach_Vernissage_22-270x180.jpg 270w\" sizes=\"auto, (max-width: 1024px) 100vw, 1024px\" \/><\/figure>\n\n\n\n<figure class=\"wp-block-image size-large\"><img loading=\"lazy\" decoding=\"async\" width=\"1024\" height=\"683\" data-id=\"8956\" src=\"https:\/\/www.hlwkrieglach.at\/hlwneu\/wp-content\/uploads\/2025\/07\/hlwkrieglach_Vernissage_21.jpg\" alt=\"\" class=\"wp-image-8956\" srcset=\"https:\/\/www.hlwkrieglach.at\/hlwneu\/wp-content\/uploads\/2025\/07\/hlwkrieglach_Vernissage_21.jpg 1024w, https:\/\/www.hlwkrieglach.at\/hlwneu\/wp-content\/uploads\/2025\/07\/hlwkrieglach_Vernissage_21-300x200.jpg 300w, https:\/\/www.hlwkrieglach.at\/hlwneu\/wp-content\/uploads\/2025\/07\/hlwkrieglach_Vernissage_21-768x512.jpg 768w, https:\/\/www.hlwkrieglach.at\/hlwneu\/wp-content\/uploads\/2025\/07\/hlwkrieglach_Vernissage_21-270x180.jpg 270w\" sizes=\"auto, (max-width: 1024px) 100vw, 1024px\" \/><\/figure>\n\n\n\n<figure class=\"wp-block-image size-large\"><img loading=\"lazy\" decoding=\"async\" width=\"1024\" height=\"683\" data-id=\"8955\" src=\"https:\/\/www.hlwkrieglach.at\/hlwneu\/wp-content\/uploads\/2025\/07\/hlwkrieglach_Vernissage_20.jpg\" alt=\"\" class=\"wp-image-8955\" srcset=\"https:\/\/www.hlwkrieglach.at\/hlwneu\/wp-content\/uploads\/2025\/07\/hlwkrieglach_Vernissage_20.jpg 1024w, https:\/\/www.hlwkrieglach.at\/hlwneu\/wp-content\/uploads\/2025\/07\/hlwkrieglach_Vernissage_20-300x200.jpg 300w, https:\/\/www.hlwkrieglach.at\/hlwneu\/wp-content\/uploads\/2025\/07\/hlwkrieglach_Vernissage_20-768x512.jpg 768w, https:\/\/www.hlwkrieglach.at\/hlwneu\/wp-content\/uploads\/2025\/07\/hlwkrieglach_Vernissage_20-270x180.jpg 270w\" sizes=\"auto, (max-width: 1024px) 100vw, 1024px\" \/><\/figure>\n\n\n\n<figure class=\"wp-block-image size-large\"><img loading=\"lazy\" decoding=\"async\" width=\"1024\" height=\"683\" data-id=\"8954\" src=\"https:\/\/www.hlwkrieglach.at\/hlwneu\/wp-content\/uploads\/2025\/07\/hlwkrieglach_Vernissage_19.jpg\" alt=\"\" class=\"wp-image-8954\" srcset=\"https:\/\/www.hlwkrieglach.at\/hlwneu\/wp-content\/uploads\/2025\/07\/hlwkrieglach_Vernissage_19.jpg 1024w, https:\/\/www.hlwkrieglach.at\/hlwneu\/wp-content\/uploads\/2025\/07\/hlwkrieglach_Vernissage_19-300x200.jpg 300w, https:\/\/www.hlwkrieglach.at\/hlwneu\/wp-content\/uploads\/2025\/07\/hlwkrieglach_Vernissage_19-768x512.jpg 768w, https:\/\/www.hlwkrieglach.at\/hlwneu\/wp-content\/uploads\/2025\/07\/hlwkrieglach_Vernissage_19-270x180.jpg 270w\" sizes=\"auto, (max-width: 1024px) 100vw, 1024px\" \/><\/figure>\n\n\n\n<figure class=\"wp-block-image size-large\"><img loading=\"lazy\" decoding=\"async\" width=\"1024\" height=\"683\" data-id=\"8953\" src=\"https:\/\/www.hlwkrieglach.at\/hlwneu\/wp-content\/uploads\/2025\/07\/hlwkrieglach_Vernissage_18.jpg\" alt=\"\" class=\"wp-image-8953\" srcset=\"https:\/\/www.hlwkrieglach.at\/hlwneu\/wp-content\/uploads\/2025\/07\/hlwkrieglach_Vernissage_18.jpg 1024w, https:\/\/www.hlwkrieglach.at\/hlwneu\/wp-content\/uploads\/2025\/07\/hlwkrieglach_Vernissage_18-300x200.jpg 300w, https:\/\/www.hlwkrieglach.at\/hlwneu\/wp-content\/uploads\/2025\/07\/hlwkrieglach_Vernissage_18-768x512.jpg 768w, https:\/\/www.hlwkrieglach.at\/hlwneu\/wp-content\/uploads\/2025\/07\/hlwkrieglach_Vernissage_18-270x180.jpg 270w\" sizes=\"auto, (max-width: 1024px) 100vw, 1024px\" \/><\/figure>\n\n\n\n<figure class=\"wp-block-image size-large\"><img loading=\"lazy\" decoding=\"async\" width=\"683\" height=\"1024\" data-id=\"8952\" src=\"https:\/\/www.hlwkrieglach.at\/hlwneu\/wp-content\/uploads\/2025\/07\/hlwkrieglach_Vernissage_17.jpg\" alt=\"\" class=\"wp-image-8952\" srcset=\"https:\/\/www.hlwkrieglach.at\/hlwneu\/wp-content\/uploads\/2025\/07\/hlwkrieglach_Vernissage_17.jpg 683w, https:\/\/www.hlwkrieglach.at\/hlwneu\/wp-content\/uploads\/2025\/07\/hlwkrieglach_Vernissage_17-200x300.jpg 200w\" sizes=\"auto, (max-width: 683px) 100vw, 683px\" \/><\/figure>\n\n\n\n<figure class=\"wp-block-image size-large\"><img loading=\"lazy\" decoding=\"async\" width=\"1024\" height=\"683\" data-id=\"8951\" src=\"https:\/\/www.hlwkrieglach.at\/hlwneu\/wp-content\/uploads\/2025\/07\/hlwkrieglach_Vernissage_16.jpg\" alt=\"\" class=\"wp-image-8951\" srcset=\"https:\/\/www.hlwkrieglach.at\/hlwneu\/wp-content\/uploads\/2025\/07\/hlwkrieglach_Vernissage_16.jpg 1024w, https:\/\/www.hlwkrieglach.at\/hlwneu\/wp-content\/uploads\/2025\/07\/hlwkrieglach_Vernissage_16-300x200.jpg 300w, https:\/\/www.hlwkrieglach.at\/hlwneu\/wp-content\/uploads\/2025\/07\/hlwkrieglach_Vernissage_16-768x512.jpg 768w, https:\/\/www.hlwkrieglach.at\/hlwneu\/wp-content\/uploads\/2025\/07\/hlwkrieglach_Vernissage_16-270x180.jpg 270w\" sizes=\"auto, (max-width: 1024px) 100vw, 1024px\" \/><\/figure>\n\n\n\n<figure class=\"wp-block-image size-large\"><img loading=\"lazy\" decoding=\"async\" width=\"1024\" height=\"683\" data-id=\"8950\" src=\"https:\/\/www.hlwkrieglach.at\/hlwneu\/wp-content\/uploads\/2025\/07\/hlwkrieglach_Vernissage_15.jpg\" alt=\"\" class=\"wp-image-8950\" srcset=\"https:\/\/www.hlwkrieglach.at\/hlwneu\/wp-content\/uploads\/2025\/07\/hlwkrieglach_Vernissage_15.jpg 1024w, https:\/\/www.hlwkrieglach.at\/hlwneu\/wp-content\/uploads\/2025\/07\/hlwkrieglach_Vernissage_15-300x200.jpg 300w, https:\/\/www.hlwkrieglach.at\/hlwneu\/wp-content\/uploads\/2025\/07\/hlwkrieglach_Vernissage_15-768x512.jpg 768w, https:\/\/www.hlwkrieglach.at\/hlwneu\/wp-content\/uploads\/2025\/07\/hlwkrieglach_Vernissage_15-270x180.jpg 270w\" sizes=\"auto, (max-width: 1024px) 100vw, 1024px\" \/><\/figure>\n\n\n\n<figure class=\"wp-block-image size-large\"><img loading=\"lazy\" decoding=\"async\" width=\"1024\" height=\"683\" data-id=\"8949\" src=\"https:\/\/www.hlwkrieglach.at\/hlwneu\/wp-content\/uploads\/2025\/07\/hlwkrieglach_Vernissage_14.jpg\" alt=\"\" class=\"wp-image-8949\" srcset=\"https:\/\/www.hlwkrieglach.at\/hlwneu\/wp-content\/uploads\/2025\/07\/hlwkrieglach_Vernissage_14.jpg 1024w, https:\/\/www.hlwkrieglach.at\/hlwneu\/wp-content\/uploads\/2025\/07\/hlwkrieglach_Vernissage_14-300x200.jpg 300w, https:\/\/www.hlwkrieglach.at\/hlwneu\/wp-content\/uploads\/2025\/07\/hlwkrieglach_Vernissage_14-768x512.jpg 768w, https:\/\/www.hlwkrieglach.at\/hlwneu\/wp-content\/uploads\/2025\/07\/hlwkrieglach_Vernissage_14-270x180.jpg 270w\" sizes=\"auto, (max-width: 1024px) 100vw, 1024px\" \/><\/figure>\n\n\n\n<figure class=\"wp-block-image size-large\"><img loading=\"lazy\" decoding=\"async\" width=\"1024\" height=\"683\" data-id=\"8947\" src=\"https:\/\/www.hlwkrieglach.at\/hlwneu\/wp-content\/uploads\/2025\/07\/hlwkrieglach_Vernissage_12.jpg\" alt=\"\" class=\"wp-image-8947\" srcset=\"https:\/\/www.hlwkrieglach.at\/hlwneu\/wp-content\/uploads\/2025\/07\/hlwkrieglach_Vernissage_12.jpg 1024w, https:\/\/www.hlwkrieglach.at\/hlwneu\/wp-content\/uploads\/2025\/07\/hlwkrieglach_Vernissage_12-300x200.jpg 300w, https:\/\/www.hlwkrieglach.at\/hlwneu\/wp-content\/uploads\/2025\/07\/hlwkrieglach_Vernissage_12-768x512.jpg 768w, https:\/\/www.hlwkrieglach.at\/hlwneu\/wp-content\/uploads\/2025\/07\/hlwkrieglach_Vernissage_12-270x180.jpg 270w\" sizes=\"auto, (max-width: 1024px) 100vw, 1024px\" \/><\/figure>\n\n\n\n<figure class=\"wp-block-image size-large\"><img loading=\"lazy\" decoding=\"async\" width=\"1024\" height=\"683\" data-id=\"8946\" src=\"https:\/\/www.hlwkrieglach.at\/hlwneu\/wp-content\/uploads\/2025\/07\/hlwkrieglach_Vernissage_11.jpg\" alt=\"\" class=\"wp-image-8946\" srcset=\"https:\/\/www.hlwkrieglach.at\/hlwneu\/wp-content\/uploads\/2025\/07\/hlwkrieglach_Vernissage_11.jpg 1024w, https:\/\/www.hlwkrieglach.at\/hlwneu\/wp-content\/uploads\/2025\/07\/hlwkrieglach_Vernissage_11-300x200.jpg 300w, https:\/\/www.hlwkrieglach.at\/hlwneu\/wp-content\/uploads\/2025\/07\/hlwkrieglach_Vernissage_11-768x512.jpg 768w, https:\/\/www.hlwkrieglach.at\/hlwneu\/wp-content\/uploads\/2025\/07\/hlwkrieglach_Vernissage_11-270x180.jpg 270w\" sizes=\"auto, (max-width: 1024px) 100vw, 1024px\" \/><\/figure>\n\n\n\n<figure class=\"wp-block-image size-large\"><img loading=\"lazy\" decoding=\"async\" width=\"1024\" height=\"683\" data-id=\"8945\" src=\"https:\/\/www.hlwkrieglach.at\/hlwneu\/wp-content\/uploads\/2025\/07\/hlwkrieglach_Vernissage_10.jpg\" alt=\"\" class=\"wp-image-8945\" srcset=\"https:\/\/www.hlwkrieglach.at\/hlwneu\/wp-content\/uploads\/2025\/07\/hlwkrieglach_Vernissage_10.jpg 1024w, https:\/\/www.hlwkrieglach.at\/hlwneu\/wp-content\/uploads\/2025\/07\/hlwkrieglach_Vernissage_10-300x200.jpg 300w, https:\/\/www.hlwkrieglach.at\/hlwneu\/wp-content\/uploads\/2025\/07\/hlwkrieglach_Vernissage_10-768x512.jpg 768w, https:\/\/www.hlwkrieglach.at\/hlwneu\/wp-content\/uploads\/2025\/07\/hlwkrieglach_Vernissage_10-270x180.jpg 270w\" sizes=\"auto, (max-width: 1024px) 100vw, 1024px\" \/><\/figure>\n\n\n\n<figure class=\"wp-block-image size-large\"><img loading=\"lazy\" decoding=\"async\" width=\"1024\" height=\"683\" data-id=\"8944\" src=\"https:\/\/www.hlwkrieglach.at\/hlwneu\/wp-content\/uploads\/2025\/07\/hlwkrieglach_Vernissage_09.jpg\" alt=\"\" class=\"wp-image-8944\" srcset=\"https:\/\/www.hlwkrieglach.at\/hlwneu\/wp-content\/uploads\/2025\/07\/hlwkrieglach_Vernissage_09.jpg 1024w, https:\/\/www.hlwkrieglach.at\/hlwneu\/wp-content\/uploads\/2025\/07\/hlwkrieglach_Vernissage_09-300x200.jpg 300w, https:\/\/www.hlwkrieglach.at\/hlwneu\/wp-content\/uploads\/2025\/07\/hlwkrieglach_Vernissage_09-768x512.jpg 768w, https:\/\/www.hlwkrieglach.at\/hlwneu\/wp-content\/uploads\/2025\/07\/hlwkrieglach_Vernissage_09-270x180.jpg 270w\" sizes=\"auto, (max-width: 1024px) 100vw, 1024px\" \/><\/figure>\n\n\n\n<figure class=\"wp-block-image size-large\"><img loading=\"lazy\" decoding=\"async\" width=\"1024\" height=\"683\" data-id=\"8943\" src=\"https:\/\/www.hlwkrieglach.at\/hlwneu\/wp-content\/uploads\/2025\/07\/hlwkrieglach_Vernissage_08.jpg\" alt=\"\" class=\"wp-image-8943\" srcset=\"https:\/\/www.hlwkrieglach.at\/hlwneu\/wp-content\/uploads\/2025\/07\/hlwkrieglach_Vernissage_08.jpg 1024w, https:\/\/www.hlwkrieglach.at\/hlwneu\/wp-content\/uploads\/2025\/07\/hlwkrieglach_Vernissage_08-300x200.jpg 300w, https:\/\/www.hlwkrieglach.at\/hlwneu\/wp-content\/uploads\/2025\/07\/hlwkrieglach_Vernissage_08-768x512.jpg 768w, https:\/\/www.hlwkrieglach.at\/hlwneu\/wp-content\/uploads\/2025\/07\/hlwkrieglach_Vernissage_08-270x180.jpg 270w\" sizes=\"auto, (max-width: 1024px) 100vw, 1024px\" \/><\/figure>\n\n\n\n<figure class=\"wp-block-image size-large\"><img loading=\"lazy\" decoding=\"async\" width=\"1024\" height=\"683\" data-id=\"8942\" src=\"https:\/\/www.hlwkrieglach.at\/hlwneu\/wp-content\/uploads\/2025\/07\/hlwkrieglach_Vernissage_07.jpg\" alt=\"\" class=\"wp-image-8942\" srcset=\"https:\/\/www.hlwkrieglach.at\/hlwneu\/wp-content\/uploads\/2025\/07\/hlwkrieglach_Vernissage_07.jpg 1024w, https:\/\/www.hlwkrieglach.at\/hlwneu\/wp-content\/uploads\/2025\/07\/hlwkrieglach_Vernissage_07-300x200.jpg 300w, https:\/\/www.hlwkrieglach.at\/hlwneu\/wp-content\/uploads\/2025\/07\/hlwkrieglach_Vernissage_07-768x512.jpg 768w, https:\/\/www.hlwkrieglach.at\/hlwneu\/wp-content\/uploads\/2025\/07\/hlwkrieglach_Vernissage_07-270x180.jpg 270w\" sizes=\"auto, (max-width: 1024px) 100vw, 1024px\" \/><\/figure>\n\n\n\n<figure class=\"wp-block-image size-large\"><img loading=\"lazy\" decoding=\"async\" width=\"1024\" height=\"683\" data-id=\"8941\" src=\"https:\/\/www.hlwkrieglach.at\/hlwneu\/wp-content\/uploads\/2025\/07\/hlwkrieglach_Vernissage_06.jpg\" alt=\"\" class=\"wp-image-8941\" srcset=\"https:\/\/www.hlwkrieglach.at\/hlwneu\/wp-content\/uploads\/2025\/07\/hlwkrieglach_Vernissage_06.jpg 1024w, https:\/\/www.hlwkrieglach.at\/hlwneu\/wp-content\/uploads\/2025\/07\/hlwkrieglach_Vernissage_06-300x200.jpg 300w, https:\/\/www.hlwkrieglach.at\/hlwneu\/wp-content\/uploads\/2025\/07\/hlwkrieglach_Vernissage_06-768x512.jpg 768w, https:\/\/www.hlwkrieglach.at\/hlwneu\/wp-content\/uploads\/2025\/07\/hlwkrieglach_Vernissage_06-270x180.jpg 270w\" sizes=\"auto, (max-width: 1024px) 100vw, 1024px\" \/><\/figure>\n\n\n\n<figure class=\"wp-block-image size-large\"><img loading=\"lazy\" decoding=\"async\" width=\"1024\" height=\"683\" data-id=\"8940\" src=\"https:\/\/www.hlwkrieglach.at\/hlwneu\/wp-content\/uploads\/2025\/07\/hlwkrieglach_Vernissage_05.jpg\" alt=\"\" class=\"wp-image-8940\" srcset=\"https:\/\/www.hlwkrieglach.at\/hlwneu\/wp-content\/uploads\/2025\/07\/hlwkrieglach_Vernissage_05.jpg 1024w, https:\/\/www.hlwkrieglach.at\/hlwneu\/wp-content\/uploads\/2025\/07\/hlwkrieglach_Vernissage_05-300x200.jpg 300w, https:\/\/www.hlwkrieglach.at\/hlwneu\/wp-content\/uploads\/2025\/07\/hlwkrieglach_Vernissage_05-768x512.jpg 768w, https:\/\/www.hlwkrieglach.at\/hlwneu\/wp-content\/uploads\/2025\/07\/hlwkrieglach_Vernissage_05-270x180.jpg 270w\" sizes=\"auto, (max-width: 1024px) 100vw, 1024px\" \/><\/figure>\n\n\n\n<figure class=\"wp-block-image size-large\"><img loading=\"lazy\" decoding=\"async\" width=\"1024\" height=\"683\" data-id=\"8939\" src=\"https:\/\/www.hlwkrieglach.at\/hlwneu\/wp-content\/uploads\/2025\/07\/hlwkrieglach_Vernissage_04.jpg\" alt=\"\" class=\"wp-image-8939\" srcset=\"https:\/\/www.hlwkrieglach.at\/hlwneu\/wp-content\/uploads\/2025\/07\/hlwkrieglach_Vernissage_04.jpg 1024w, https:\/\/www.hlwkrieglach.at\/hlwneu\/wp-content\/uploads\/2025\/07\/hlwkrieglach_Vernissage_04-300x200.jpg 300w, https:\/\/www.hlwkrieglach.at\/hlwneu\/wp-content\/uploads\/2025\/07\/hlwkrieglach_Vernissage_04-768x512.jpg 768w, https:\/\/www.hlwkrieglach.at\/hlwneu\/wp-content\/uploads\/2025\/07\/hlwkrieglach_Vernissage_04-270x180.jpg 270w\" sizes=\"auto, (max-width: 1024px) 100vw, 1024px\" \/><\/figure>\n\n\n\n<figure class=\"wp-block-image size-large\"><img loading=\"lazy\" decoding=\"async\" width=\"1024\" height=\"683\" data-id=\"8938\" src=\"https:\/\/www.hlwkrieglach.at\/hlwneu\/wp-content\/uploads\/2025\/07\/hlwkrieglach_Vernissage_03.jpg\" alt=\"\" class=\"wp-image-8938\" srcset=\"https:\/\/www.hlwkrieglach.at\/hlwneu\/wp-content\/uploads\/2025\/07\/hlwkrieglach_Vernissage_03.jpg 1024w, https:\/\/www.hlwkrieglach.at\/hlwneu\/wp-content\/uploads\/2025\/07\/hlwkrieglach_Vernissage_03-300x200.jpg 300w, https:\/\/www.hlwkrieglach.at\/hlwneu\/wp-content\/uploads\/2025\/07\/hlwkrieglach_Vernissage_03-768x512.jpg 768w, https:\/\/www.hlwkrieglach.at\/hlwneu\/wp-content\/uploads\/2025\/07\/hlwkrieglach_Vernissage_03-270x180.jpg 270w\" sizes=\"auto, (max-width: 1024px) 100vw, 1024px\" \/><\/figure>\n\n\n\n<figure class=\"wp-block-image size-large\"><img loading=\"lazy\" decoding=\"async\" width=\"1024\" height=\"683\" data-id=\"8937\" src=\"https:\/\/www.hlwkrieglach.at\/hlwneu\/wp-content\/uploads\/2025\/07\/hlwkrieglach_Vernissage_02-1.jpg\" alt=\"\" class=\"wp-image-8937\" srcset=\"https:\/\/www.hlwkrieglach.at\/hlwneu\/wp-content\/uploads\/2025\/07\/hlwkrieglach_Vernissage_02-1.jpg 1024w, https:\/\/www.hlwkrieglach.at\/hlwneu\/wp-content\/uploads\/2025\/07\/hlwkrieglach_Vernissage_02-1-300x200.jpg 300w, https:\/\/www.hlwkrieglach.at\/hlwneu\/wp-content\/uploads\/2025\/07\/hlwkrieglach_Vernissage_02-1-768x512.jpg 768w, https:\/\/www.hlwkrieglach.at\/hlwneu\/wp-content\/uploads\/2025\/07\/hlwkrieglach_Vernissage_02-1-270x180.jpg 270w\" sizes=\"auto, (max-width: 1024px) 100vw, 1024px\" \/><\/figure>\n\n\n\n<figure class=\"wp-block-image size-large\"><img loading=\"lazy\" decoding=\"async\" width=\"1024\" height=\"683\" data-id=\"8934\" src=\"https:\/\/www.hlwkrieglach.at\/hlwneu\/wp-content\/uploads\/2025\/07\/hlwkrieglach_Vernissage_01.jpg\" alt=\"\" class=\"wp-image-8934\" srcset=\"https:\/\/www.hlwkrieglach.at\/hlwneu\/wp-content\/uploads\/2025\/07\/hlwkrieglach_Vernissage_01.jpg 1024w, https:\/\/www.hlwkrieglach.at\/hlwneu\/wp-content\/uploads\/2025\/07\/hlwkrieglach_Vernissage_01-300x200.jpg 300w, https:\/\/www.hlwkrieglach.at\/hlwneu\/wp-content\/uploads\/2025\/07\/hlwkrieglach_Vernissage_01-768x512.jpg 768w, https:\/\/www.hlwkrieglach.at\/hlwneu\/wp-content\/uploads\/2025\/07\/hlwkrieglach_Vernissage_01-270x180.jpg 270w\" sizes=\"auto, (max-width: 1024px) 100vw, 1024px\" \/><\/figure>\n\n\n\n<figure class=\"wp-block-image size-large\"><img loading=\"lazy\" decoding=\"async\" width=\"1024\" height=\"683\" data-id=\"8936\" src=\"https:\/\/www.hlwkrieglach.at\/hlwneu\/wp-content\/uploads\/2025\/07\/hlwkrieglach_Vernissage_02.jpg\" alt=\"\" class=\"wp-image-8936\" srcset=\"https:\/\/www.hlwkrieglach.at\/hlwneu\/wp-content\/uploads\/2025\/07\/hlwkrieglach_Vernissage_02.jpg 1024w, https:\/\/www.hlwkrieglach.at\/hlwneu\/wp-content\/uploads\/2025\/07\/hlwkrieglach_Vernissage_02-300x200.jpg 300w, https:\/\/www.hlwkrieglach.at\/hlwneu\/wp-content\/uploads\/2025\/07\/hlwkrieglach_Vernissage_02-768x512.jpg 768w, https:\/\/www.hlwkrieglach.at\/hlwneu\/wp-content\/uploads\/2025\/07\/hlwkrieglach_Vernissage_02-270x180.jpg 270w\" sizes=\"auto, (max-width: 1024px) 100vw, 1024px\" \/><\/figure>\n<\/figure>\n","protected":false},"excerpt":{"rendered":"<p>Krieglach, Juni 2025&nbsp;\u2013 Der Schulpark der HLW Krieglach wurde zur B\u00fchne f\u00fcr eine au\u00dfergew\u00f6hnliche Freiluftausstellung. Unter dem Titel&nbsp;\u201eART-mosph\u00e4re\u201c&nbsp;pr\u00e4sentierten&nbsp;13 K\u00fcnstler:innen aus der Region&nbsp;ihre Werke \u2013 ein Gemeinschaftsprojekt in enger Zusammenarbeit mit der Kunstinitiative&nbsp;Anders\u00b0Art. Kunst unter freiem Himmel Die Ausstellung lud Besucher:innen dazu ein, das Thema \u201eArtmosph\u00e4re\u201c auf sinnliche Weise zu erleben. Die Werke \u2013 von Installationen [&hellip;]<\/p>\n","protected":false},"author":1,"featured_media":8948,"comment_status":"closed","ping_status":"closed","sticky":false,"template":"","format":"standard","meta":{"footnotes":""},"categories":[1],"tags":[],"class_list":["post-8935","post","type-post","status-publish","format-standard","has-post-thumbnail","hentry","category-allgemein"],"_links":{"self":[{"href":"https:\/\/www.hlwkrieglach.at\/hlwneu\/wp-json\/wp\/v2\/posts\/8935","targetHints":{"allow":["GET"]}}],"collection":[{"href":"https:\/\/www.hlwkrieglach.at\/hlwneu\/wp-json\/wp\/v2\/posts"}],"about":[{"href":"https:\/\/www.hlwkrieglach.at\/hlwneu\/wp-json\/wp\/v2\/types\/post"}],"author":[{"embeddable":true,"href":"https:\/\/www.hlwkrieglach.at\/hlwneu\/wp-json\/wp\/v2\/users\/1"}],"replies":[{"embeddable":true,"href":"https:\/\/www.hlwkrieglach.at\/hlwneu\/wp-json\/wp\/v2\/comments?post=8935"}],"version-history":[{"count":1,"href":"https:\/\/www.hlwkrieglach.at\/hlwneu\/wp-json\/wp\/v2\/posts\/8935\/revisions"}],"predecessor-version":[{"id":8961,"href":"https:\/\/www.hlwkrieglach.at\/hlwneu\/wp-json\/wp\/v2\/posts\/8935\/revisions\/8961"}],"wp:featuredmedia":[{"embeddable":true,"href":"https:\/\/www.hlwkrieglach.at\/hlwneu\/wp-json\/wp\/v2\/media\/8948"}],"wp:attachment":[{"href":"https:\/\/www.hlwkrieglach.at\/hlwneu\/wp-json\/wp\/v2\/media?parent=8935"}],"wp:term":[{"taxonomy":"category","embeddable":true,"href":"https:\/\/www.hlwkrieglach.at\/hlwneu\/wp-json\/wp\/v2\/categories?post=8935"},{"taxonomy":"post_tag","embeddable":true,"href":"https:\/\/www.hlwkrieglach.at\/hlwneu\/wp-json\/wp\/v2\/tags?post=8935"}],"curies":[{"name":"wp","href":"https:\/\/api.w.org\/{rel}","templated":true}]}}