{"id":9038,"date":"2025-10-22T09:56:21","date_gmt":"2025-10-22T07:56:21","guid":{"rendered":"https:\/\/www.hlwkrieglach.at\/hlwneu\/?p=9038"},"modified":"2025-11-04T10:00:58","modified_gmt":"2025-11-04T09:00:58","slug":"umweltpeers-der-hlw-krieglach-bei-der-5-umweltschutz-gala-in-graz-ausgezeichnet","status":"publish","type":"post","link":"https:\/\/www.hlwkrieglach.at\/hlwneu\/umweltpeers-der-hlw-krieglach-bei-der-5-umweltschutz-gala-in-graz-ausgezeichnet\/","title":{"rendered":"Umweltpeers der HLW Krieglach bei der 5. Umweltschutz-Gala in Graz ausgezeichnet"},"content":{"rendered":"\n<p>Am Dienstag, dem 22. Oktober 2025, durften wir, Lea Posch, Leonie Staudenbauer und Lukas Jurak als Vertreter:innen der HLW Krieglach an der 5. Umweltschutz-Gala in Graz teilnehmen.<\/p>\n\n\n\n<p>Die Veranstaltung stand ganz im Zeichen des Engagements junger Menschen f\u00fcr Nachhaltigkeit und Umweltschutz. Zahlreiche Schulen und Kinderg\u00e4rten aus der Steiermark waren eingeladen, ihre Bem\u00fchungen f\u00fcr eine umweltfreundlichere Zukunft sichtbar zu machen.<\/p>\n\n\n\n<p>Im feierlichen Rahmen der Gala wurden wir f\u00fcr unsere Arbeit als Umweltpeers zertifiziert und offiziell ausgezeichnet. Besonders hervorgehoben wurde unser Einsatz f\u00fcr mehr Bewusstsein in den Bereichen Abfallvermeidung, Energieeinsparung und nachhaltiger Konsum.<\/p>\n\n\n\n<p>Durch unser Projekt versuchten wir, unsere Mitsch\u00fcler:innen f\u00fcr einen verantwortungsvollen Umgang mit der Umwelt zu sensibilisieren und aktiv in nachhaltige Aktionen einzubinden.<\/p>\n\n\n\n<p>Die Auszeichnung in Graz war f\u00fcr uns nicht nur eine gro\u00dfe Ehre, sondern auch eine wertvolle Best\u00e4tigung, dass sich unser Engagement lohnt. Sie motiviert uns, weiterhin mit Begeisterung an unseren Umweltprojekten zu arbeiten und neue Ideen zu entwickeln, um die HLW Krieglach noch umweltbewusster zu gestalten.<\/p>\n\n\n\n<p>Ein besonderer Dank gilt auch unserem Betreuer Herr Thomas Strauss, welcher uns bei unserem Projekt unterst\u00fctzte und uns ermutigte, Verantwortung f\u00fcr unsere Zukunft zu \u00fcbernehmen.<\/p>\n\n\n\n<p>Wir freuen uns auf viele weitere spannende Projekte, durch die wir gemeinsam einen Beitrag zu einer nachhaltigeren Welt leisten k\u00f6nnen!<\/p>\n\n\n\n<figure class=\"wp-block-gallery has-nested-images columns-default is-cropped wp-block-gallery-1 is-layout-flex wp-block-gallery-is-layout-flex\">\n<figure class=\"wp-block-image size-large\"><img loading=\"lazy\" decoding=\"async\" width=\"1024\" height=\"768\" data-id=\"9041\" src=\"https:\/\/www.hlwkrieglach.at\/hlwneu\/wp-content\/uploads\/2025\/11\/Umweltgala_11-1024x768.jpeg\" alt=\"\" class=\"wp-image-9041\" srcset=\"https:\/\/www.hlwkrieglach.at\/hlwneu\/wp-content\/uploads\/2025\/11\/Umweltgala_11-1024x768.jpeg 1024w, https:\/\/www.hlwkrieglach.at\/hlwneu\/wp-content\/uploads\/2025\/11\/Umweltgala_11-300x225.jpeg 300w, https:\/\/www.hlwkrieglach.at\/hlwneu\/wp-content\/uploads\/2025\/11\/Umweltgala_11-768x576.jpeg 768w, https:\/\/www.hlwkrieglach.at\/hlwneu\/wp-content\/uploads\/2025\/11\/Umweltgala_11-1536x1153.jpeg 1536w, https:\/\/www.hlwkrieglach.at\/hlwneu\/wp-content\/uploads\/2025\/11\/Umweltgala_11.jpeg 1815w\" sizes=\"auto, (max-width: 1024px) 100vw, 1024px\" \/><\/figure>\n\n\n\n<figure class=\"wp-block-image size-large\"><img loading=\"lazy\" decoding=\"async\" width=\"767\" height=\"1024\" data-id=\"9040\" src=\"https:\/\/www.hlwkrieglach.at\/hlwneu\/wp-content\/uploads\/2025\/11\/Umweltgala_2-767x1024.jpeg\" alt=\"\" class=\"wp-image-9040\" srcset=\"https:\/\/www.hlwkrieglach.at\/hlwneu\/wp-content\/uploads\/2025\/11\/Umweltgala_2-767x1024.jpeg 767w, https:\/\/www.hlwkrieglach.at\/hlwneu\/wp-content\/uploads\/2025\/11\/Umweltgala_2-225x300.jpeg 225w, https:\/\/www.hlwkrieglach.at\/hlwneu\/wp-content\/uploads\/2025\/11\/Umweltgala_2-768x1025.jpeg 768w, https:\/\/www.hlwkrieglach.at\/hlwneu\/wp-content\/uploads\/2025\/11\/Umweltgala_2.jpeg 878w\" sizes=\"auto, (max-width: 767px) 100vw, 767px\" \/><figcaption class=\"wp-element-caption\">Screenshot<\/figcaption><\/figure>\n\n\n\n<figure class=\"wp-block-image size-large\"><img loading=\"lazy\" decoding=\"async\" width=\"768\" height=\"1024\" data-id=\"9039\" src=\"https:\/\/www.hlwkrieglach.at\/hlwneu\/wp-content\/uploads\/2025\/11\/Umweltgala_1-768x1024.jpeg\" alt=\"\" class=\"wp-image-9039\" srcset=\"https:\/\/www.hlwkrieglach.at\/hlwneu\/wp-content\/uploads\/2025\/11\/Umweltgala_1-768x1023.jpeg 768w, https:\/\/www.hlwkrieglach.at\/hlwneu\/wp-content\/uploads\/2025\/11\/Umweltgala_1-225x300.jpeg 225w, https:\/\/www.hlwkrieglach.at\/hlwneu\/wp-content\/uploads\/2025\/11\/Umweltgala_1-1153x1536.jpeg 1153w, https:\/\/www.hlwkrieglach.at\/hlwneu\/wp-content\/uploads\/2025\/11\/Umweltgala_1.jpeg 1362w\" sizes=\"auto, (max-width: 768px) 100vw, 768px\" \/><\/figure>\n<\/figure>\n","protected":false},"excerpt":{"rendered":"<p>Am Dienstag, dem 22. Oktober 2025, durften wir, Lea Posch, Leonie Staudenbauer und Lukas Jurak als Vertreter:innen der HLW Krieglach an der 5. Umweltschutz-Gala in Graz teilnehmen. Die Veranstaltung stand ganz im Zeichen des Engagements junger Menschen f\u00fcr Nachhaltigkeit und Umweltschutz. Zahlreiche Schulen und Kinderg\u00e4rten aus der Steiermark waren eingeladen, ihre Bem\u00fchungen f\u00fcr eine umweltfreundlichere [&hellip;]<\/p>\n","protected":false},"author":1,"featured_media":9040,"comment_status":"closed","ping_status":"closed","sticky":false,"template":"","format":"standard","meta":{"footnotes":""},"categories":[1],"tags":[],"class_list":["post-9038","post","type-post","status-publish","format-standard","has-post-thumbnail","hentry","category-allgemein"],"_links":{"self":[{"href":"https:\/\/www.hlwkrieglach.at\/hlwneu\/wp-json\/wp\/v2\/posts\/9038","targetHints":{"allow":["GET"]}}],"collection":[{"href":"https:\/\/www.hlwkrieglach.at\/hlwneu\/wp-json\/wp\/v2\/posts"}],"about":[{"href":"https:\/\/www.hlwkrieglach.at\/hlwneu\/wp-json\/wp\/v2\/types\/post"}],"author":[{"embeddable":true,"href":"https:\/\/www.hlwkrieglach.at\/hlwneu\/wp-json\/wp\/v2\/users\/1"}],"replies":[{"embeddable":true,"href":"https:\/\/www.hlwkrieglach.at\/hlwneu\/wp-json\/wp\/v2\/comments?post=9038"}],"version-history":[{"count":1,"href":"https:\/\/www.hlwkrieglach.at\/hlwneu\/wp-json\/wp\/v2\/posts\/9038\/revisions"}],"predecessor-version":[{"id":9042,"href":"https:\/\/www.hlwkrieglach.at\/hlwneu\/wp-json\/wp\/v2\/posts\/9038\/revisions\/9042"}],"wp:featuredmedia":[{"embeddable":true,"href":"https:\/\/www.hlwkrieglach.at\/hlwneu\/wp-json\/wp\/v2\/media\/9040"}],"wp:attachment":[{"href":"https:\/\/www.hlwkrieglach.at\/hlwneu\/wp-json\/wp\/v2\/media?parent=9038"}],"wp:term":[{"taxonomy":"category","embeddable":true,"href":"https:\/\/www.hlwkrieglach.at\/hlwneu\/wp-json\/wp\/v2\/categories?post=9038"},{"taxonomy":"post_tag","embeddable":true,"href":"https:\/\/www.hlwkrieglach.at\/hlwneu\/wp-json\/wp\/v2\/tags?post=9038"}],"curies":[{"name":"wp","href":"https:\/\/api.w.org\/{rel}","templated":true}]}}