{"id":9063,"date":"2025-11-20T18:53:04","date_gmt":"2025-11-20T17:53:04","guid":{"rendered":"https:\/\/www.hlwkrieglach.at\/hlwneu\/?p=9063"},"modified":"2025-11-20T18:53:08","modified_gmt":"2025-11-20T17:53:08","slug":"umweltpeers-der-hlw-krieglach-bei-der-5-umweltschutz-gala-in-graz-ausgezeichnet-2","status":"publish","type":"post","link":"https:\/\/www.hlwkrieglach.at\/hlwneu\/umweltpeers-der-hlw-krieglach-bei-der-5-umweltschutz-gala-in-graz-ausgezeichnet-2\/","title":{"rendered":"Umweltpeers der HLW Krieglach bei der 5. Umweltschutz-Gala in Graz ausgezeichnet\u00a0"},"content":{"rendered":"\n<p>Am Dienstag, dem 22. Oktober 2025, durften wir,&nbsp;die Umweltpeers&nbsp;Lea Posch, Leonie Staudenbauer und Lukas&nbsp;Jurak,&nbsp;als Vertreter*innen der HLW Krieglach an der 5. Umweltschutz-Gala in Graz teilnehmen.&nbsp;<\/p>\n\n\n\n<p>Die Veranstaltung stand ganz im Zeichen des Engagements junger Menschen f\u00fcr Nachhaltigkeit und Umweltschutz. Zahlreiche Schulen und Kinderg\u00e4rten aus der Steiermark waren eingeladen, ihre Bem\u00fchungen f\u00fcr eine umweltfreundlichere Zukunft sichtbar zu machen.&nbsp;<\/p>\n\n\n\n<p>Im feierlichen Rahmen der Gala wurden wir f\u00fcr unsere Arbeit als Umweltpeers zertifiziert und offiziell ausgezeichnet. Besonders hervorgehoben wurde unser Einsatz f\u00fcr mehr Bewusstsein in den Bereichen Abfallvermeidung, Energieeinsparung und nachhaltiger Konsum.&nbsp;<\/p>\n\n\n\n<p>Durch unser Projekt versuchten wir, unsere Mitsch\u00fcler*innen f\u00fcr einen verantwortungsvollen Umgang mit der Umwelt zu sensibilisieren und aktiv in nachhaltige Aktionen einzubinden.&nbsp;<\/p>\n\n\n\n<p>Die Auszeichnung in Graz war f\u00fcr uns nicht nur eine gro\u00dfe Ehre, sondern auch eine wertvolle Best\u00e4tigung, dass sich unser Engagement lohnt. Sie motiviert uns, weiterhin mit Begeisterung an unseren Umweltprojekten zu arbeiten und neue Ideen zu entwickeln, um die HLW Krieglach noch umweltbewusster zu gestalten.&nbsp;<\/p>\n\n\n\n<p>Ein besonderer Dank gilt auch unserem Betreuer Herrn&nbsp;Thomas&nbsp;Strauss,&nbsp;der&nbsp;uns bei unserem Projekt unterst\u00fctzte und uns ermutigte, Verantwortung f\u00fcr unsere Zukunft zu \u00fcbernehmen.&nbsp;<\/p>\n\n\n\n<p>Wir freuen uns auf viele weitere spannende Projekte, durch die wir gemeinsam einen Beitrag zu einer nachhaltigeren Welt leisten k\u00f6nnen!&nbsp;<\/p>\n\n\n\n<figure class=\"wp-block-gallery has-nested-images columns-default is-cropped wp-block-gallery-1 is-layout-flex wp-block-gallery-is-layout-flex\">\n<figure class=\"wp-block-image size-large\"><img loading=\"lazy\" decoding=\"async\" width=\"1023\" height=\"768\" data-id=\"9066\" src=\"https:\/\/www.hlwkrieglach.at\/hlwneu\/wp-content\/uploads\/2025\/11\/hlwkrieglach_Umweltgala_10.jpg\" alt=\"\" class=\"wp-image-9066\" srcset=\"https:\/\/www.hlwkrieglach.at\/hlwneu\/wp-content\/uploads\/2025\/11\/hlwkrieglach_Umweltgala_10.jpg 1023w, https:\/\/www.hlwkrieglach.at\/hlwneu\/wp-content\/uploads\/2025\/11\/hlwkrieglach_Umweltgala_10-300x225.jpg 300w, https:\/\/www.hlwkrieglach.at\/hlwneu\/wp-content\/uploads\/2025\/11\/hlwkrieglach_Umweltgala_10-768x577.jpg 768w\" sizes=\"auto, (max-width: 1023px) 100vw, 1023px\" \/><\/figure>\n\n\n\n<figure class=\"wp-block-image size-large\"><img loading=\"lazy\" decoding=\"async\" width=\"768\" height=\"1023\" data-id=\"9064\" src=\"https:\/\/www.hlwkrieglach.at\/hlwneu\/wp-content\/uploads\/2025\/11\/hlwkrieglach_Umweltgala_07.jpg\" alt=\"\" class=\"wp-image-9064\" srcset=\"https:\/\/www.hlwkrieglach.at\/hlwneu\/wp-content\/uploads\/2025\/11\/hlwkrieglach_Umweltgala_07.jpg 768w, https:\/\/www.hlwkrieglach.at\/hlwneu\/wp-content\/uploads\/2025\/11\/hlwkrieglach_Umweltgala_07-225x300.jpg 225w\" sizes=\"auto, (max-width: 768px) 100vw, 768px\" \/><\/figure>\n\n\n\n<figure class=\"wp-block-image size-large\"><img loading=\"lazy\" decoding=\"async\" width=\"767\" height=\"1024\" data-id=\"9057\" src=\"https:\/\/www.hlwkrieglach.at\/hlwneu\/wp-content\/uploads\/2025\/11\/hlwkrieglach_Umweltgala_01.jpg\" alt=\"\" class=\"wp-image-9057\" srcset=\"https:\/\/www.hlwkrieglach.at\/hlwneu\/wp-content\/uploads\/2025\/11\/hlwkrieglach_Umweltgala_01.jpg 767w, https:\/\/www.hlwkrieglach.at\/hlwneu\/wp-content\/uploads\/2025\/11\/hlwkrieglach_Umweltgala_01-225x300.jpg 225w\" sizes=\"auto, (max-width: 767px) 100vw, 767px\" \/><figcaption class=\"wp-element-caption\">Screenshot<\/figcaption><\/figure>\n\n\n\n<figure class=\"wp-block-image size-large\"><img loading=\"lazy\" decoding=\"async\" width=\"768\" height=\"1023\" data-id=\"9067\" src=\"https:\/\/www.hlwkrieglach.at\/hlwneu\/wp-content\/uploads\/2025\/11\/hlwkrieglach_Umweltgala_11.jpg\" alt=\"\" class=\"wp-image-9067\" srcset=\"https:\/\/www.hlwkrieglach.at\/hlwneu\/wp-content\/uploads\/2025\/11\/hlwkrieglach_Umweltgala_11.jpg 768w, https:\/\/www.hlwkrieglach.at\/hlwneu\/wp-content\/uploads\/2025\/11\/hlwkrieglach_Umweltgala_11-225x300.jpg 225w\" sizes=\"auto, (max-width: 768px) 100vw, 768px\" \/><\/figure>\n<\/figure>\n","protected":false},"excerpt":{"rendered":"<p>Am Dienstag, dem 22. Oktober 2025, durften wir,&nbsp;die Umweltpeers&nbsp;Lea Posch, Leonie Staudenbauer und Lukas&nbsp;Jurak,&nbsp;als Vertreter*innen der HLW Krieglach an der 5. Umweltschutz-Gala in Graz teilnehmen.&nbsp; Die Veranstaltung stand ganz im Zeichen des Engagements junger Menschen f\u00fcr Nachhaltigkeit und Umweltschutz. Zahlreiche Schulen und Kinderg\u00e4rten aus der Steiermark waren eingeladen, ihre Bem\u00fchungen f\u00fcr eine umweltfreundlichere Zukunft sichtbar [&hellip;]<\/p>\n","protected":false},"author":1,"featured_media":9065,"comment_status":"closed","ping_status":"closed","sticky":false,"template":"","format":"standard","meta":{"footnotes":""},"categories":[1],"tags":[],"class_list":["post-9063","post","type-post","status-publish","format-standard","has-post-thumbnail","hentry","category-allgemein"],"_links":{"self":[{"href":"https:\/\/www.hlwkrieglach.at\/hlwneu\/wp-json\/wp\/v2\/posts\/9063","targetHints":{"allow":["GET"]}}],"collection":[{"href":"https:\/\/www.hlwkrieglach.at\/hlwneu\/wp-json\/wp\/v2\/posts"}],"about":[{"href":"https:\/\/www.hlwkrieglach.at\/hlwneu\/wp-json\/wp\/v2\/types\/post"}],"author":[{"embeddable":true,"href":"https:\/\/www.hlwkrieglach.at\/hlwneu\/wp-json\/wp\/v2\/users\/1"}],"replies":[{"embeddable":true,"href":"https:\/\/www.hlwkrieglach.at\/hlwneu\/wp-json\/wp\/v2\/comments?post=9063"}],"version-history":[{"count":1,"href":"https:\/\/www.hlwkrieglach.at\/hlwneu\/wp-json\/wp\/v2\/posts\/9063\/revisions"}],"predecessor-version":[{"id":9068,"href":"https:\/\/www.hlwkrieglach.at\/hlwneu\/wp-json\/wp\/v2\/posts\/9063\/revisions\/9068"}],"wp:featuredmedia":[{"embeddable":true,"href":"https:\/\/www.hlwkrieglach.at\/hlwneu\/wp-json\/wp\/v2\/media\/9065"}],"wp:attachment":[{"href":"https:\/\/www.hlwkrieglach.at\/hlwneu\/wp-json\/wp\/v2\/media?parent=9063"}],"wp:term":[{"taxonomy":"category","embeddable":true,"href":"https:\/\/www.hlwkrieglach.at\/hlwneu\/wp-json\/wp\/v2\/categories?post=9063"},{"taxonomy":"post_tag","embeddable":true,"href":"https:\/\/www.hlwkrieglach.at\/hlwneu\/wp-json\/wp\/v2\/tags?post=9063"}],"curies":[{"name":"wp","href":"https:\/\/api.w.org\/{rel}","templated":true}]}}