{"id":9076,"date":"2025-11-20T18:55:26","date_gmt":"2025-11-20T17:55:26","guid":{"rendered":"https:\/\/www.hlwkrieglach.at\/hlwneu\/?p=9076"},"modified":"2025-11-20T18:55:29","modified_gmt":"2025-11-20T17:55:29","slug":"exkursion-aflenz-bei-leibnitz","status":"publish","type":"post","link":"https:\/\/www.hlwkrieglach.at\/hlwneu\/exkursion-aflenz-bei-leibnitz\/","title":{"rendered":"Exkursion\u00a0Aflenz\u00a0bei Leibnitz\u00a0"},"content":{"rendered":"\n<p>Am 3.11. unternahm die 2HL aus dem Fach \u201eGeschichte und Politische Bildung\u201c eine Exkursion in die S\u00fcdweststeiermark.&nbsp;&nbsp;<\/p>\n\n\n\n<p>Die Mauthausen-Guide, Frau Esther Dirnberger, informierte \u00fcber die Geschichte des R\u00f6mersteinbruchs unter besonderer Ber\u00fccksichtigung der NS-Zeit. In dieser Epoche wurden von KZ-H\u00e4ftlingen unterirdisch R\u00fcstungsg\u00fcter f\u00fcr die Steyr-Daimler-Puch-AG produziert.&nbsp;<\/p>\n\n\n\n<p>Vom Lager selbst stehen nur noch Ruinen des W\u00e4chterhauses, einem Kontrollpunkt beim Eingang zum Lager. Das Besondere an diesem Lager war, dass einige Bauernh\u00f6fe innerhalb des Areals lagen und die Bewohner alle&nbsp;Gr\u00e4ueltaten&nbsp;an den H\u00e4ftlingen miterleben mussten.&nbsp;<\/p>\n\n\n\n<p>Im weitl\u00e4ufigen Stollensystem wurden vom ehemaligen Zeitzeugen, LAbg.&nbsp;Bgm. a.D. Franz Trampusch (\u2020) diverse Schautafeln montiert.&nbsp;<\/p>\n\n\n\n<p>Prof. Schwarz\/Prof. Zeilinger&nbsp;<\/p>\n\n\n\n<figure class=\"wp-block-gallery has-nested-images columns-default is-cropped wp-block-gallery-1 is-layout-flex wp-block-gallery-is-layout-flex\">\n<figure class=\"wp-block-image size-large\"><img loading=\"lazy\" decoding=\"async\" width=\"1024\" height=\"472\" data-id=\"9075\" src=\"https:\/\/www.hlwkrieglach.at\/hlwneu\/wp-content\/uploads\/2025\/11\/hlwkrieglach_KZ-Wagna_07.jpg\" alt=\"\" class=\"wp-image-9075\" srcset=\"https:\/\/www.hlwkrieglach.at\/hlwneu\/wp-content\/uploads\/2025\/11\/hlwkrieglach_KZ-Wagna_07.jpg 1024w, https:\/\/www.hlwkrieglach.at\/hlwneu\/wp-content\/uploads\/2025\/11\/hlwkrieglach_KZ-Wagna_07-300x138.jpg 300w, https:\/\/www.hlwkrieglach.at\/hlwneu\/wp-content\/uploads\/2025\/11\/hlwkrieglach_KZ-Wagna_07-768x354.jpg 768w\" sizes=\"auto, (max-width: 1024px) 100vw, 1024px\" \/><\/figure>\n\n\n\n<figure class=\"wp-block-image size-large\"><img loading=\"lazy\" decoding=\"async\" width=\"1024\" height=\"472\" data-id=\"9072\" src=\"https:\/\/www.hlwkrieglach.at\/hlwneu\/wp-content\/uploads\/2025\/11\/hlwkrieglach_KZ-Wagna_04.jpg\" alt=\"\" class=\"wp-image-9072\" srcset=\"https:\/\/www.hlwkrieglach.at\/hlwneu\/wp-content\/uploads\/2025\/11\/hlwkrieglach_KZ-Wagna_04.jpg 1024w, https:\/\/www.hlwkrieglach.at\/hlwneu\/wp-content\/uploads\/2025\/11\/hlwkrieglach_KZ-Wagna_04-300x138.jpg 300w, https:\/\/www.hlwkrieglach.at\/hlwneu\/wp-content\/uploads\/2025\/11\/hlwkrieglach_KZ-Wagna_04-768x354.jpg 768w\" sizes=\"auto, (max-width: 1024px) 100vw, 1024px\" \/><\/figure>\n\n\n\n<figure class=\"wp-block-image size-large\"><img loading=\"lazy\" decoding=\"async\" width=\"1024\" height=\"472\" data-id=\"9070\" src=\"https:\/\/www.hlwkrieglach.at\/hlwneu\/wp-content\/uploads\/2025\/11\/hlwkrieglach_KZ-Wagna_02.jpg\" alt=\"\" class=\"wp-image-9070\" srcset=\"https:\/\/www.hlwkrieglach.at\/hlwneu\/wp-content\/uploads\/2025\/11\/hlwkrieglach_KZ-Wagna_02.jpg 1024w, https:\/\/www.hlwkrieglach.at\/hlwneu\/wp-content\/uploads\/2025\/11\/hlwkrieglach_KZ-Wagna_02-300x138.jpg 300w, https:\/\/www.hlwkrieglach.at\/hlwneu\/wp-content\/uploads\/2025\/11\/hlwkrieglach_KZ-Wagna_02-768x354.jpg 768w\" sizes=\"auto, (max-width: 1024px) 100vw, 1024px\" \/><\/figure>\n\n\n\n<figure class=\"wp-block-image size-large\"><img loading=\"lazy\" decoding=\"async\" width=\"1024\" height=\"472\" data-id=\"9069\" src=\"https:\/\/www.hlwkrieglach.at\/hlwneu\/wp-content\/uploads\/2025\/11\/hlwkrieglach_KZ-Wagna_01.jpg\" alt=\"\" class=\"wp-image-9069\" srcset=\"https:\/\/www.hlwkrieglach.at\/hlwneu\/wp-content\/uploads\/2025\/11\/hlwkrieglach_KZ-Wagna_01.jpg 1024w, https:\/\/www.hlwkrieglach.at\/hlwneu\/wp-content\/uploads\/2025\/11\/hlwkrieglach_KZ-Wagna_01-300x138.jpg 300w, https:\/\/www.hlwkrieglach.at\/hlwneu\/wp-content\/uploads\/2025\/11\/hlwkrieglach_KZ-Wagna_01-768x354.jpg 768w\" sizes=\"auto, (max-width: 1024px) 100vw, 1024px\" \/><\/figure>\n<\/figure>\n","protected":false},"excerpt":{"rendered":"<p>Am 3.11. unternahm die 2HL aus dem Fach \u201eGeschichte und Politische Bildung\u201c eine Exkursion in die S\u00fcdweststeiermark.&nbsp;&nbsp; Die Mauthausen-Guide, Frau Esther Dirnberger, informierte \u00fcber die Geschichte des R\u00f6mersteinbruchs unter besonderer Ber\u00fccksichtigung der NS-Zeit. In dieser Epoche wurden von KZ-H\u00e4ftlingen unterirdisch R\u00fcstungsg\u00fcter f\u00fcr die Steyr-Daimler-Puch-AG produziert.&nbsp; Vom Lager selbst stehen nur noch Ruinen des W\u00e4chterhauses, einem [&hellip;]<\/p>\n","protected":false},"author":1,"featured_media":9074,"comment_status":"closed","ping_status":"closed","sticky":false,"template":"","format":"standard","meta":{"footnotes":""},"categories":[1],"tags":[],"class_list":["post-9076","post","type-post","status-publish","format-standard","has-post-thumbnail","hentry","category-allgemein"],"_links":{"self":[{"href":"https:\/\/www.hlwkrieglach.at\/hlwneu\/wp-json\/wp\/v2\/posts\/9076","targetHints":{"allow":["GET"]}}],"collection":[{"href":"https:\/\/www.hlwkrieglach.at\/hlwneu\/wp-json\/wp\/v2\/posts"}],"about":[{"href":"https:\/\/www.hlwkrieglach.at\/hlwneu\/wp-json\/wp\/v2\/types\/post"}],"author":[{"embeddable":true,"href":"https:\/\/www.hlwkrieglach.at\/hlwneu\/wp-json\/wp\/v2\/users\/1"}],"replies":[{"embeddable":true,"href":"https:\/\/www.hlwkrieglach.at\/hlwneu\/wp-json\/wp\/v2\/comments?post=9076"}],"version-history":[{"count":1,"href":"https:\/\/www.hlwkrieglach.at\/hlwneu\/wp-json\/wp\/v2\/posts\/9076\/revisions"}],"predecessor-version":[{"id":9077,"href":"https:\/\/www.hlwkrieglach.at\/hlwneu\/wp-json\/wp\/v2\/posts\/9076\/revisions\/9077"}],"wp:featuredmedia":[{"embeddable":true,"href":"https:\/\/www.hlwkrieglach.at\/hlwneu\/wp-json\/wp\/v2\/media\/9074"}],"wp:attachment":[{"href":"https:\/\/www.hlwkrieglach.at\/hlwneu\/wp-json\/wp\/v2\/media?parent=9076"}],"wp:term":[{"taxonomy":"category","embeddable":true,"href":"https:\/\/www.hlwkrieglach.at\/hlwneu\/wp-json\/wp\/v2\/categories?post=9076"},{"taxonomy":"post_tag","embeddable":true,"href":"https:\/\/www.hlwkrieglach.at\/hlwneu\/wp-json\/wp\/v2\/tags?post=9076"}],"curies":[{"name":"wp","href":"https:\/\/api.w.org\/{rel}","templated":true}]}}