{"id":9081,"date":"2025-11-20T18:58:20","date_gmt":"2025-11-20T17:58:20","guid":{"rendered":"https:\/\/www.hlwkrieglach.at\/hlwneu\/?p=9081"},"modified":"2026-02-24T11:05:41","modified_gmt":"2026-02-24T10:05:41","slug":"die-hlw-krieglach-ist-seit-20-jahren-mitglied-des-oekolog-netzwerks-und-setzt-damit-ein-starkes-zeichen-fuer-gelebte-nachhaltigkeit-seit-zwei-jahrzehnten-engagiert-sich-die-schule-aktiv-fuer-umweltbi","status":"publish","type":"post","link":"https:\/\/www.hlwkrieglach.at\/hlwneu\/die-hlw-krieglach-ist-seit-20-jahren-mitglied-des-oekolog-netzwerks-und-setzt-damit-ein-starkes-zeichen-fuer-gelebte-nachhaltigkeit-seit-zwei-jahrzehnten-engagiert-sich-die-schule-aktiv-fuer-umweltbi\/","title":{"rendered":"25 Jahre \u00d6KOLOG: Ein Vierteljahrhundert gelebte Nachhaltigkeit an Schulen\u00a0"},"content":{"rendered":"\n<p>Das Netzwerk selbst feiert das&nbsp;25-j\u00e4hrige&nbsp;Jubil\u00e4um:&nbsp;<\/p>\n\n\n\n<p>Die HLW Krieglach ist seit 20 Jahren Mitglied des \u00d6KOLOG-Netzwerks und setzt damit ein starkes Zeichen f\u00fcr gelebte Nachhaltigkeit. Seit zwei Jahrzehnten engagiert sich die Schule aktiv f\u00fcr Umweltbildung, verantwortungsbewusstes Handeln und eine zukunftsf\u00e4hige Entwicklung \u2013 im Unterricht wie im Schulalltag.\u00a0<\/p>\n\n\n\n<p>Das \u00f6sterreichweite Schulnetzwerk \u00d6KOLOG (<a href=\"https:\/\/www.oekolog.at\/\" target=\"_blank\" rel=\"noreferrer noopener\">www.oekolog.at<\/a>) feiert 2025 sein 25-j\u00e4hriges Bestehen. Seit 2000 ist \u00d6KOLOG das Programm und Netzwerk des Bildungsministeriums, das Umweltbildung und Bildung f\u00fcr nachhaltige Entwicklung im Schulalltag verankert und Kinder und Jugendliche dazu bef\u00e4higt, ihre Zukunft verantwortungsvoll, kritisch und aktiv mitzugestalten. Heute umfasst \u00d6KOLOG rund 800 Schulen (13 % aller \u00f6sterreichischen Schulen), alle P\u00e4dagogischen Hochschulen sowie eine Bildungsdirektion.&nbsp;<\/p>\n\n\n\n<p>\u00d6KOLOG ist ein Programm des Bundesministeriums f\u00fcr Bildung und wird in Kooperation mit der Universit\u00e4t Klagenfurt umgesetzt. Das Projekt tr\u00e4gt aktiv zur Umsetzung der UN-Nachhaltigkeitsziele (SDGs) bei.&nbsp;<\/p>\n\n\n\n<p>\u00d6KOLOG zeigt seit 25 Jahren, wie Bildung f\u00fcr eine nachhaltige Entwicklung partizipativ, praxisnah und langfristig an Schulen gestaltet werden kann. Eine gro\u00dfe St\u00e4rke von \u00d6KOLOG ist ein sich dynamisch entwickelndes \u00f6sterreichweites und regionales Unterst\u00fctzungsnetzwerk aus Schulpraxis, Bildungsverwaltung, Lehrerbildung und Forschung.&nbsp;<\/p>\n\n\n\n<p>Fotos: \u00a9 Harry Schiffer \/ \u00a9 UBZ&nbsp;<\/p>\n\n\n\n<figure class=\"wp-block-gallery has-nested-images columns-default is-cropped wp-block-gallery-1 is-layout-flex wp-block-gallery-is-layout-flex\">\n<figure class=\"wp-block-image size-large\"><img loading=\"lazy\" decoding=\"async\" width=\"1024\" height=\"683\" data-id=\"9079\" src=\"https:\/\/www.hlwkrieglach.at\/hlwneu\/wp-content\/uploads\/2025\/11\/hlwkrieglach_Oekolog_02.jpg\" alt=\"\" class=\"wp-image-9079\" srcset=\"https:\/\/www.hlwkrieglach.at\/hlwneu\/wp-content\/uploads\/2025\/11\/hlwkrieglach_Oekolog_02.jpg 1024w, https:\/\/www.hlwkrieglach.at\/hlwneu\/wp-content\/uploads\/2025\/11\/hlwkrieglach_Oekolog_02-300x200.jpg 300w, https:\/\/www.hlwkrieglach.at\/hlwneu\/wp-content\/uploads\/2025\/11\/hlwkrieglach_Oekolog_02-768x512.jpg 768w, https:\/\/www.hlwkrieglach.at\/hlwneu\/wp-content\/uploads\/2025\/11\/hlwkrieglach_Oekolog_02-270x180.jpg 270w\" sizes=\"auto, (max-width: 1024px) 100vw, 1024px\" \/><\/figure>\n\n\n\n<figure class=\"wp-block-image size-large\"><img loading=\"lazy\" decoding=\"async\" width=\"1024\" height=\"577\" data-id=\"9078\" src=\"https:\/\/www.hlwkrieglach.at\/hlwneu\/wp-content\/uploads\/2025\/11\/hlwkrieglach_Oekolog_01.jpg\" alt=\"\" class=\"wp-image-9078\" srcset=\"https:\/\/www.hlwkrieglach.at\/hlwneu\/wp-content\/uploads\/2025\/11\/hlwkrieglach_Oekolog_01.jpg 1024w, https:\/\/www.hlwkrieglach.at\/hlwneu\/wp-content\/uploads\/2025\/11\/hlwkrieglach_Oekolog_01-300x169.jpg 300w, https:\/\/www.hlwkrieglach.at\/hlwneu\/wp-content\/uploads\/2025\/11\/hlwkrieglach_Oekolog_01-768x433.jpg 768w, https:\/\/www.hlwkrieglach.at\/hlwneu\/wp-content\/uploads\/2025\/11\/hlwkrieglach_Oekolog_01-270x153.jpg 270w\" sizes=\"auto, (max-width: 1024px) 100vw, 1024px\" \/><\/figure>\n\n\n\n<figure class=\"wp-block-image size-large\"><img loading=\"lazy\" decoding=\"async\" width=\"1024\" height=\"577\" data-id=\"9080\" src=\"https:\/\/www.hlwkrieglach.at\/hlwneu\/wp-content\/uploads\/2025\/11\/hlwkrieglach_Oekolog_03.jpg\" alt=\"\" class=\"wp-image-9080\" srcset=\"https:\/\/www.hlwkrieglach.at\/hlwneu\/wp-content\/uploads\/2025\/11\/hlwkrieglach_Oekolog_03.jpg 1024w, https:\/\/www.hlwkrieglach.at\/hlwneu\/wp-content\/uploads\/2025\/11\/hlwkrieglach_Oekolog_03-300x169.jpg 300w, https:\/\/www.hlwkrieglach.at\/hlwneu\/wp-content\/uploads\/2025\/11\/hlwkrieglach_Oekolog_03-768x433.jpg 768w, https:\/\/www.hlwkrieglach.at\/hlwneu\/wp-content\/uploads\/2025\/11\/hlwkrieglach_Oekolog_03-270x153.jpg 270w\" sizes=\"auto, (max-width: 1024px) 100vw, 1024px\" \/><\/figure>\n<\/figure>\n","protected":false},"excerpt":{"rendered":"<p>Das Netzwerk selbst feiert das&nbsp;25-j\u00e4hrige&nbsp;Jubil\u00e4um:&nbsp; Die HLW Krieglach ist seit 20 Jahren Mitglied des \u00d6KOLOG-Netzwerks und setzt damit ein starkes Zeichen f\u00fcr gelebte Nachhaltigkeit. Seit zwei Jahrzehnten engagiert sich die Schule aktiv f\u00fcr Umweltbildung, verantwortungsbewusstes Handeln und eine zukunftsf\u00e4hige Entwicklung \u2013 im Unterricht wie im Schulalltag.\u00a0 Das \u00f6sterreichweite Schulnetzwerk \u00d6KOLOG (www.oekolog.at) feiert 2025 sein 25-j\u00e4hriges [&hellip;]<\/p>\n","protected":false},"author":1,"featured_media":9082,"comment_status":"closed","ping_status":"closed","sticky":false,"template":"","format":"standard","meta":{"footnotes":""},"categories":[1],"tags":[],"class_list":["post-9081","post","type-post","status-publish","format-standard","has-post-thumbnail","hentry","category-allgemein"],"_links":{"self":[{"href":"https:\/\/www.hlwkrieglach.at\/hlwneu\/wp-json\/wp\/v2\/posts\/9081","targetHints":{"allow":["GET"]}}],"collection":[{"href":"https:\/\/www.hlwkrieglach.at\/hlwneu\/wp-json\/wp\/v2\/posts"}],"about":[{"href":"https:\/\/www.hlwkrieglach.at\/hlwneu\/wp-json\/wp\/v2\/types\/post"}],"author":[{"embeddable":true,"href":"https:\/\/www.hlwkrieglach.at\/hlwneu\/wp-json\/wp\/v2\/users\/1"}],"replies":[{"embeddable":true,"href":"https:\/\/www.hlwkrieglach.at\/hlwneu\/wp-json\/wp\/v2\/comments?post=9081"}],"version-history":[{"count":3,"href":"https:\/\/www.hlwkrieglach.at\/hlwneu\/wp-json\/wp\/v2\/posts\/9081\/revisions"}],"predecessor-version":[{"id":9153,"href":"https:\/\/www.hlwkrieglach.at\/hlwneu\/wp-json\/wp\/v2\/posts\/9081\/revisions\/9153"}],"wp:featuredmedia":[{"embeddable":true,"href":"https:\/\/www.hlwkrieglach.at\/hlwneu\/wp-json\/wp\/v2\/media\/9082"}],"wp:attachment":[{"href":"https:\/\/www.hlwkrieglach.at\/hlwneu\/wp-json\/wp\/v2\/media?parent=9081"}],"wp:term":[{"taxonomy":"category","embeddable":true,"href":"https:\/\/www.hlwkrieglach.at\/hlwneu\/wp-json\/wp\/v2\/categories?post=9081"},{"taxonomy":"post_tag","embeddable":true,"href":"https:\/\/www.hlwkrieglach.at\/hlwneu\/wp-json\/wp\/v2\/tags?post=9081"}],"curies":[{"name":"wp","href":"https:\/\/api.w.org\/{rel}","templated":true}]}}