{"id":9161,"date":"2026-02-24T11:08:41","date_gmt":"2026-02-24T10:08:41","guid":{"rendered":"https:\/\/www.hlwkrieglach.at\/hlwneu\/?p=9161"},"modified":"2026-02-24T11:08:44","modified_gmt":"2026-02-24T10:08:44","slug":"psychische-gesundheit-im-fokus-mutmacherworkshop-verrueck-na-und-an-der-hlw","status":"publish","type":"post","link":"https:\/\/www.hlwkrieglach.at\/hlwneu\/psychische-gesundheit-im-fokus-mutmacherworkshop-verrueck-na-und-an-der-hlw\/","title":{"rendered":"Psychische Gesundheit im Fokus: Mutmacherworkshop \u201eVerr\u00fcck? Na und!\u201c an der HLW"},"content":{"rendered":"\n<p>Psychische Belastungen sind oft unsichtbar und dennoch real. In keiner Lebensphase beginnen psychische Krisen so h\u00e4ufig wie in der Pubert\u00e4t. Im Rahmen des Workshops \u201eVerr\u00fcck? Na und!\u201c setzten sich die Sch\u00fclerinnen und Sch\u00fcler der 4 HL mit psychischen Erkrankungen, dem Umgang mit Krisen, der Wirkung von Psychopharmaka sowie dem sogenannten \u201egesund\u2013krank-Kontinuum\u201c auseinander. Ziel des Workshops ist es, aufzukl\u00e4ren, zu entstigmatisieren und Mut zu machen, \u00fcber seelische Belastungen zu sprechen.<\/p>\n\n\n\n<p>Ein Experten-Tandem aus fachlicher und pers\u00f6nlicher Perspektive vermittelte fundierte Informationen und erg\u00e4nzte diese durch eindrucksvolle Lebensgeschichten. Es ging um den Weg ins Dunkle, das Abdriften, aber auch um den Weg zur\u00fcck in ein stabiles, gesundes Leben und darum, dass manchmal je nach Erkrankung auch viel Schicksal dabei sein kann.&nbsp;<\/p>\n\n\n\n<p>Unsere Sch\u00fclerinnen und Sch\u00fcler erarbeiteten sich ihren pers\u00f6nlichen Erste-Hilfe-Koffer in Form eines Plakats, erwarben viel Wissen und reflektierten dar\u00fcber, wie problematisch Selbstdiagnosen via Dr. TikTok sein k\u00f6nnen.<\/p>\n\n\n\n<p>Zentrale Botschaft des Workshops: Wieder aufzustehen ist nicht einfach, wenn man psychisch erkrankt ist und genau deshalb ist es wichtig, Hilfe zu suchen, anzunehmen und auch ein Auge auf andere zu haben. Aber das Wichtigste: Die Seele kann sich wieder erholen.&nbsp;<\/p>\n\n\n\n<figure class=\"wp-block-gallery has-nested-images columns-default is-cropped wp-block-gallery-1 is-layout-flex wp-block-gallery-is-layout-flex\">\n<figure class=\"wp-block-image size-large\"><img loading=\"lazy\" decoding=\"async\" width=\"1024\" height=\"768\" data-id=\"9160\" src=\"https:\/\/www.hlwkrieglach.at\/hlwneu\/wp-content\/uploads\/2026\/02\/hlwkrieglach_Verrueckt_na_und_07.jpg\" alt=\"\" class=\"wp-image-9160\" srcset=\"https:\/\/www.hlwkrieglach.at\/hlwneu\/wp-content\/uploads\/2026\/02\/hlwkrieglach_Verrueckt_na_und_07.jpg 1024w, https:\/\/www.hlwkrieglach.at\/hlwneu\/wp-content\/uploads\/2026\/02\/hlwkrieglach_Verrueckt_na_und_07-300x225.jpg 300w, https:\/\/www.hlwkrieglach.at\/hlwneu\/wp-content\/uploads\/2026\/02\/hlwkrieglach_Verrueckt_na_und_07-768x576.jpg 768w\" sizes=\"auto, (max-width: 1024px) 100vw, 1024px\" \/><\/figure>\n\n\n\n<figure class=\"wp-block-image size-large\"><img loading=\"lazy\" decoding=\"async\" width=\"1024\" height=\"768\" data-id=\"9159\" src=\"https:\/\/www.hlwkrieglach.at\/hlwneu\/wp-content\/uploads\/2026\/02\/hlwkrieglach_Verrueckt_na_und_06.jpg\" alt=\"\" class=\"wp-image-9159\" srcset=\"https:\/\/www.hlwkrieglach.at\/hlwneu\/wp-content\/uploads\/2026\/02\/hlwkrieglach_Verrueckt_na_und_06.jpg 1024w, https:\/\/www.hlwkrieglach.at\/hlwneu\/wp-content\/uploads\/2026\/02\/hlwkrieglach_Verrueckt_na_und_06-300x225.jpg 300w, https:\/\/www.hlwkrieglach.at\/hlwneu\/wp-content\/uploads\/2026\/02\/hlwkrieglach_Verrueckt_na_und_06-768x576.jpg 768w\" sizes=\"auto, (max-width: 1024px) 100vw, 1024px\" \/><\/figure>\n\n\n\n<figure class=\"wp-block-image size-large\"><img loading=\"lazy\" decoding=\"async\" width=\"1024\" height=\"768\" data-id=\"9158\" src=\"https:\/\/www.hlwkrieglach.at\/hlwneu\/wp-content\/uploads\/2026\/02\/hlwkrieglach_Verrueckt_na_und_05.jpg\" alt=\"\" class=\"wp-image-9158\" srcset=\"https:\/\/www.hlwkrieglach.at\/hlwneu\/wp-content\/uploads\/2026\/02\/hlwkrieglach_Verrueckt_na_und_05.jpg 1024w, https:\/\/www.hlwkrieglach.at\/hlwneu\/wp-content\/uploads\/2026\/02\/hlwkrieglach_Verrueckt_na_und_05-300x225.jpg 300w, https:\/\/www.hlwkrieglach.at\/hlwneu\/wp-content\/uploads\/2026\/02\/hlwkrieglach_Verrueckt_na_und_05-768x576.jpg 768w\" sizes=\"auto, (max-width: 1024px) 100vw, 1024px\" \/><\/figure>\n\n\n\n<figure class=\"wp-block-image size-large\"><img loading=\"lazy\" decoding=\"async\" width=\"1024\" height=\"768\" data-id=\"9157\" src=\"https:\/\/www.hlwkrieglach.at\/hlwneu\/wp-content\/uploads\/2026\/02\/hlwkrieglach_Verrueckt_na_und_04.jpg\" alt=\"\" class=\"wp-image-9157\" srcset=\"https:\/\/www.hlwkrieglach.at\/hlwneu\/wp-content\/uploads\/2026\/02\/hlwkrieglach_Verrueckt_na_und_04.jpg 1024w, https:\/\/www.hlwkrieglach.at\/hlwneu\/wp-content\/uploads\/2026\/02\/hlwkrieglach_Verrueckt_na_und_04-300x225.jpg 300w, https:\/\/www.hlwkrieglach.at\/hlwneu\/wp-content\/uploads\/2026\/02\/hlwkrieglach_Verrueckt_na_und_04-768x576.jpg 768w\" sizes=\"auto, (max-width: 1024px) 100vw, 1024px\" \/><\/figure>\n\n\n\n<figure class=\"wp-block-image size-large\"><img loading=\"lazy\" decoding=\"async\" width=\"1024\" height=\"768\" data-id=\"9155\" src=\"https:\/\/www.hlwkrieglach.at\/hlwneu\/wp-content\/uploads\/2026\/02\/hlwkrieglach_Verrueckt_na_und_02.jpg\" alt=\"\" class=\"wp-image-9155\" srcset=\"https:\/\/www.hlwkrieglach.at\/hlwneu\/wp-content\/uploads\/2026\/02\/hlwkrieglach_Verrueckt_na_und_02.jpg 1024w, https:\/\/www.hlwkrieglach.at\/hlwneu\/wp-content\/uploads\/2026\/02\/hlwkrieglach_Verrueckt_na_und_02-300x225.jpg 300w, https:\/\/www.hlwkrieglach.at\/hlwneu\/wp-content\/uploads\/2026\/02\/hlwkrieglach_Verrueckt_na_und_02-768x576.jpg 768w\" sizes=\"auto, (max-width: 1024px) 100vw, 1024px\" \/><\/figure>\n<\/figure>\n","protected":false},"excerpt":{"rendered":"<p>Psychische Belastungen sind oft unsichtbar und dennoch real. In keiner Lebensphase beginnen psychische Krisen so h\u00e4ufig wie in der Pubert\u00e4t. Im Rahmen des Workshops \u201eVerr\u00fcck? Na und!\u201c setzten sich die Sch\u00fclerinnen und Sch\u00fcler der 4 HL mit psychischen Erkrankungen, dem Umgang mit Krisen, der Wirkung von Psychopharmaka sowie dem sogenannten \u201egesund\u2013krank-Kontinuum\u201c auseinander. Ziel des Workshops [&hellip;]<\/p>\n","protected":false},"author":1,"featured_media":9156,"comment_status":"closed","ping_status":"closed","sticky":false,"template":"","format":"standard","meta":{"footnotes":""},"categories":[1],"tags":[],"class_list":["post-9161","post","type-post","status-publish","format-standard","has-post-thumbnail","hentry","category-allgemein"],"_links":{"self":[{"href":"https:\/\/www.hlwkrieglach.at\/hlwneu\/wp-json\/wp\/v2\/posts\/9161","targetHints":{"allow":["GET"]}}],"collection":[{"href":"https:\/\/www.hlwkrieglach.at\/hlwneu\/wp-json\/wp\/v2\/posts"}],"about":[{"href":"https:\/\/www.hlwkrieglach.at\/hlwneu\/wp-json\/wp\/v2\/types\/post"}],"author":[{"embeddable":true,"href":"https:\/\/www.hlwkrieglach.at\/hlwneu\/wp-json\/wp\/v2\/users\/1"}],"replies":[{"embeddable":true,"href":"https:\/\/www.hlwkrieglach.at\/hlwneu\/wp-json\/wp\/v2\/comments?post=9161"}],"version-history":[{"count":1,"href":"https:\/\/www.hlwkrieglach.at\/hlwneu\/wp-json\/wp\/v2\/posts\/9161\/revisions"}],"predecessor-version":[{"id":9162,"href":"https:\/\/www.hlwkrieglach.at\/hlwneu\/wp-json\/wp\/v2\/posts\/9161\/revisions\/9162"}],"wp:featuredmedia":[{"embeddable":true,"href":"https:\/\/www.hlwkrieglach.at\/hlwneu\/wp-json\/wp\/v2\/media\/9156"}],"wp:attachment":[{"href":"https:\/\/www.hlwkrieglach.at\/hlwneu\/wp-json\/wp\/v2\/media?parent=9161"}],"wp:term":[{"taxonomy":"category","embeddable":true,"href":"https:\/\/www.hlwkrieglach.at\/hlwneu\/wp-json\/wp\/v2\/categories?post=9161"},{"taxonomy":"post_tag","embeddable":true,"href":"https:\/\/www.hlwkrieglach.at\/hlwneu\/wp-json\/wp\/v2\/tags?post=9161"}],"curies":[{"name":"wp","href":"https:\/\/api.w.org\/{rel}","templated":true}]}}